{"id":429131,"date":"2025-09-30T17:28:13","date_gmt":"2025-09-30T17:28:13","guid":{"rendered":"https:\/\/www.europesays.com\/fr\/429131\/"},"modified":"2025-09-30T17:28:13","modified_gmt":"2025-09-30T17:28:13","slug":"un-collectionneur-offre-906-polaroids-du-sulfureux-photographe-japonais-araki-au-musee-guimet","status":"publish","type":"post","link":"https:\/\/www.europesays.com\/fr\/429131\/","title":{"rendered":"Un collectionneur offre 906 Polaro\u00efds du sulfureux photographe japonais Araki au Mus\u00e9e Guimet"},"content":{"rendered":"<p class=\"paragraph text_align_left lp-f-body-02\">St\u00e9phane Andr\u00e9, 65 ans, jeune retrait\u00e9, ancien professeur de lettres, vient de quitter son petit appartement parisien pour retrouver son Sud-Ouest natal et un grand jardin. Ah oui, avant de partir, il a fait don au <a href=\"https:\/\/www.leparisien.fr\/culture-loisirs\/20-ans-apres-leur-destruction-par-les-talibans-les-bouddhas-afghans-renaissent-au-musee-guimet-26-02-2021-8426362.php\" target=\"_self\" rel=\"nofollow noopener\">Mus\u00e9e national des arts asiatiques Guimet<\/a> (XVIe arrondissement de Paris) de mille photos du c\u00e9l\u00e8bre et sulfureux <a href=\"https:\/\/www.leparisien.fr\/archives\/guimet-ose-l-erotisme-28-05-2016-5835541.php\" target=\"_self\" rel=\"nofollow noopener\">photographe japonais Araki<\/a>.<\/p>\n<p class=\"paragraph text_align_left lp-f-body-02\">Plus exactement, 906 clich\u00e9s Polaro\u00efds, appareil populaire que l\u2019artiste a beaucoup utilis\u00e9 \u00e0 la fin du XXe et au d\u00e9but du XXIe si\u00e8cle, parce qu\u2019il correspondait bien \u00e0 son usage compulsif et quotidien de la photo comme journal intime.<\/p>\n","protected":false},"excerpt":{"rendered":"St\u00e9phane Andr\u00e9, 65 ans, jeune retrait\u00e9, ancien professeur de lettres, vient de quitter son petit appartement parisien pour&hellip;\n","protected":false},"author":2,"featured_media":429132,"comment_status":"","ping_status":"","sticky":false,"template":"","format":"standard","meta":{"footnotes":""},"categories":[1358],"tags":[1348,1384,1385,1687,1386,58,59,1349,1011,27],"class_list":{"0":"post-429131","1":"post","2":"type-post","3":"status-publish","4":"format-standard","5":"has-post-thumbnail","7":"category-arts-et-design","8":"tag-arts","9":"tag-arts-and-design","10":"tag-arts-et-design","11":"tag-culture-loisirs","12":"tag-design","13":"tag-divertissement","14":"tag-entertainment","15":"tag-expositions","16":"tag-fr","17":"tag-france"},"share_on_mastodon":{"url":"https:\/\/pubeurope.com\/@fr\/115294431183334720","error":""},"_links":{"self":[{"href":"https:\/\/www.europesays.com\/fr\/wp-json\/wp\/v2\/posts\/429131","targetHints":{"allow":["GET"]}}],"collection":[{"href":"https:\/\/www.europesays.com\/fr\/wp-json\/wp\/v2\/posts"}],"about":[{"href":"https:\/\/www.europesays.com\/fr\/wp-json\/wp\/v2\/types\/post"}],"author":[{"embeddable":true,"href":"https:\/\/www.europesays.com\/fr\/wp-json\/wp\/v2\/users\/2"}],"replies":[{"embeddable":true,"href":"https:\/\/www.europesays.com\/fr\/wp-json\/wp\/v2\/comments?post=429131"}],"version-history":[{"count":0,"href":"https:\/\/www.europesays.com\/fr\/wp-json\/wp\/v2\/posts\/429131\/revisions"}],"wp:featuredmedia":[{"embeddable":true,"href":"https:\/\/www.europesays.com\/fr\/wp-json\/wp\/v2\/media\/429132"}],"wp:attachment":[{"href":"https:\/\/www.europesays.com\/fr\/wp-json\/wp\/v2\/media?parent=429131"}],"wp:term":[{"taxonomy":"category","embeddable":true,"href":"https:\/\/www.europesays.com\/fr\/wp-json\/wp\/v2\/categories?post=429131"},{"taxonomy":"post_tag","embeddable":true,"href":"https:\/\/www.europesays.com\/fr\/wp-json\/wp\/v2\/tags?post=429131"}],"curies":[{"name":"wp","href":"https:\/\/api.w.org\/{rel}","templated":true}]}}