{"id":429133,"date":"2025-09-30T17:29:23","date_gmt":"2025-09-30T17:29:23","guid":{"rendered":"https:\/\/www.europesays.com\/fr\/429133\/"},"modified":"2025-09-30T17:29:23","modified_gmt":"2025-09-30T17:29:23","slug":"vendenheim-un-premier-salon-du-livre-jeunesse-organise-ce-week-end-parraine-par-constance-schaerer","status":"publish","type":"post","link":"https:\/\/www.europesays.com\/fr\/429133\/","title":{"rendered":"Vendenheim. Un premier salon du livre jeunesse organis\u00e9 ce week-end, parrain\u00e9 par Constance Schaerer"},"content":{"rendered":"<p>Pour la premi\u00e8re fois \u00e0 Vendenheim, un salon du livre jeunesse est organis\u00e9 samedi\u00a04 et dimanche 5\u00a0octobre, par le <a href=\"https:\/\/www.kiwanis.fr\/club\/strasbourg-contades\/\" target=\"_blank\" rel=\"noopener\">Kiwanis Strasbourg Contades<\/a>, en partenariat avec la commune et les <a href=\"https:\/\/www.editions-bastberg.fr\/\" target=\"_blank\" rel=\"noopener\">\u00c9ditions du Bastberg<\/a>. Les curieux de tous \u00e2ges pourront y rencontrer des auteurs et illustrateurs de la r\u00e9gion qui feront d\u00e9couvrir leur travail passionnant et leurs ouvrages destin\u00e9s aux jeunes lecteurs.<\/p>\n<p>Constance Schaerer, de l\u2019association\u00a07 sommets contre la maladie, sera la marraine de cette \u00e9dition 2025. Elle proc\u00e9dera \u00e0 une s\u00e9ance de d\u00e9dicace de son nouveau livre, dont l\u2019horaire n\u2019est pas encore fix\u00e9. Ce sera l\u2019occasion d\u2019 <a href=\"https:\/\/www.dna.fr\/sport\/2025\/05\/20\/l-alsacienne-constance-schaerer-devient-la-plus-jeune-francaise-a-avoir-vaincu-l-everest\" target=\"_blank\" rel=\"noopener\">\u00e9voquer son parcours incroyable<\/a> , qui vient de faire d\u2019elle, \u00e0 26 ans, la plus jeune Fran\u00e7aise \u00e0 se hisser au sommet de l\u2019Everest en mai. La jeune femme expliquera \u00e9galement quels sont ses engagements en faveur des enfants.<\/p>\n<p>Le club Kiwanis Strasbourg Contades organisera, dans le cadre de ses actions au service des enfants, une tombola avec de tr\u00e8s beaux lots. L\u2019int\u00e9gralit\u00e9 des fonds collect\u00e9s sera revers\u00e9e \u00e0 <a href=\"https:\/\/www.helloasso.com\/associations\/7-sommets-contre-la-maladie\" target=\"_blank\" rel=\"noopener\">l\u2019association 7 sommets contre la maladie<\/a>.<\/p>\n<p>  Echanges avec le public et s\u00e9ances de d\u00e9dicaces<\/p>\n<p>De nombreuses autrices et de nombreux auteurs seront pr\u00e9sents pour des \u00e9changes avec le public et des s\u00e9ances de d\u00e9dicaces\u00a0: Alain Andr\u00e9, Xavi\u00e8re l\u2019aventuri\u00e8re, Jean-Jacques Bastian, Marie Bellary, Lucie Burckel, St\u00e9phane Censi, Lucile Froehly, Sophie Lottmann-Miot, Isabelle Muller, H\u00e9l\u00e8ne Notier, Lucie Olivier, Yolande Ruffenach Jung, Eug\u00e8ne Santangelo, , Constance Schaerer, Myriam Thomas, Yo Tuerlinx Rouxel, Denis Voignier et Maryline Weyl.<\/p>\n<p>Les \u0153uvres de ces auteurs et autrices sont publi\u00e9es par les maisons d\u2019\u00e9dition Agence Candide, Association Lisy, Deux Ailes, DV \u00c9ditions, I.D. l\u2019\u00c9dition, \u00c9ditions Bastberg, \u00c9ditions Mk67, \u00c9ditions Pim Pam Poum, \u00c9ditions Tr\u00e9sors Partag\u00e9s, Jeannala et Seppele, Les cartes de Lulu, N\u2019H el, NLA cr\u00e9ation, et Marie Renaudin.<\/p>\n<p>  Le plein d\u2019animations<\/p>\n<p>Des animations sont au programme\u00a0: lectures interactives audios, dict\u00e9es ludiques de Papy Guy, performance de Delphine Harrer, escape game, cr\u00e9ation d\u2019un herbier, ateliers maquillage, tombola, et projection du film Tom le chat \u00e0 la recherche du doudou perdu \u00a0dimanche, \u00e0 10\u00a0h\u00a030.<\/p>\n<p class=\"note\">Salon du livre jeunesse, samedi 4\u00a0octobre, de 13\u00a0h\u00a030 \u00e0 18\u00a0h, et dimanche 5\u00a0octobre, de 10\u00a0h \u00e0 17\u00a0h. Au p\u00f4le culturel Le Diapason, 14 rue Jean-Holweg, \u00e0 Vendenheim. Entr\u00e9e libre. Petite restauration.<\/p>\n","protected":false},"excerpt":{"rendered":"Pour la premi\u00e8re fois \u00e0 Vendenheim, un salon du livre jeunesse est organis\u00e9 samedi\u00a04 et dimanche 5\u00a0octobre, par&hellip;\n","protected":false},"author":2,"featured_media":429134,"comment_status":"","ping_status":"","sticky":false,"template":"","format":"standard","meta":{"footnotes":""},"categories":[1357],"tags":[1379,1687,58,2880,59,107,1685,1011,27,1380,2410,104,3265,17241,1631],"class_list":{"0":"post-429133","1":"post","2":"type-post","3":"status-publish","4":"format-standard","5":"has-post-thumbnail","7":"category-livres","8":"tag-books","9":"tag-culture-loisirs","10":"tag-divertissement","11":"tag-edition-strasbourg","12":"tag-entertainment","13":"tag-fil-info","14":"tag-foire-et-salon","15":"tag-fr","16":"tag-france","17":"tag-livres","18":"tag-livres-bd","19":"tag-societe","20":"tag-strasbourg-nord","21":"tag-vendenheim","22":"tag-vie-associative"},"share_on_mastodon":{"url":"https:\/\/pubeurope.com\/@fr\/115294435201210557","error":""},"_links":{"self":[{"href":"https:\/\/www.europesays.com\/fr\/wp-json\/wp\/v2\/posts\/429133","targetHints":{"allow":["GET"]}}],"collection":[{"href":"https:\/\/www.europesays.com\/fr\/wp-json\/wp\/v2\/posts"}],"about":[{"href":"https:\/\/www.europesays.com\/fr\/wp-json\/wp\/v2\/types\/post"}],"author":[{"embeddable":true,"href":"https:\/\/www.europesays.com\/fr\/wp-json\/wp\/v2\/users\/2"}],"replies":[{"embeddable":true,"href":"https:\/\/www.europesays.com\/fr\/wp-json\/wp\/v2\/comments?post=429133"}],"version-history":[{"count":0,"href":"https:\/\/www.europesays.com\/fr\/wp-json\/wp\/v2\/posts\/429133\/revisions"}],"wp:featuredmedia":[{"embeddable":true,"href":"https:\/\/www.europesays.com\/fr\/wp-json\/wp\/v2\/media\/429134"}],"wp:attachment":[{"href":"https:\/\/www.europesays.com\/fr\/wp-json\/wp\/v2\/media?parent=429133"}],"wp:term":[{"taxonomy":"category","embeddable":true,"href":"https:\/\/www.europesays.com\/fr\/wp-json\/wp\/v2\/categories?post=429133"},{"taxonomy":"post_tag","embeddable":true,"href":"https:\/\/www.europesays.com\/fr\/wp-json\/wp\/v2\/tags?post=429133"}],"curies":[{"name":"wp","href":"https:\/\/api.w.org\/{rel}","templated":true}]}}