{"id":429137,"date":"2025-09-30T17:31:12","date_gmt":"2025-09-30T17:31:12","guid":{"rendered":"https:\/\/www.europesays.com\/fr\/429137\/"},"modified":"2025-09-30T17:31:12","modified_gmt":"2025-09-30T17:31:12","slug":"patrick-bruel-reprend-desenchantee-de-mylene-farmer-malaise-sur-taratata","status":"publish","type":"post","link":"https:\/\/www.europesays.com\/fr\/429137\/","title":{"rendered":"Patrick Bruel reprend D\u00e9senchant\u00e9e de Myl\u00e8ne Farmer : malaise sur Taratata"},"content":{"rendered":"<p itemprop=\"description\"><strong>Avec son casting 5 \u00e9toiles, la 600\u00e8me de\u00a0Taratata restera dans les m\u00e9moires\u2026 mais pas seulement pour les bonnes raisons. Invit\u00e9 \u00e0 f\u00eater l\u2019\u00e9v\u00e9nement au Z\u00e9nith de Paris, Patrick Bruel, entour\u00e9 de Cali et B\u00e9nabar, a repris le mythique \u00ab\u00a0D\u00e9senchant\u00e9e\u00a0\u00bb de Myl\u00e8ne Farmer. Et on peut dire que le r\u00e9sultat a divis\u00e9 les t\u00e9l\u00e9spectateurs.<\/strong><\/p>\n<p data-start=\"527\" data-end=\"856\">Pour f\u00eater cet anniversaire <strong>au Z\u00e9nith de Paris<\/strong>, Nagui avait r\u00e9uni un parterre d\u2019artistes prestigieux : <a href=\"https:\/\/mradio.fr\/news\/musique\/55398\/clara-luciani-signe-une-collaboration-surprenante-avec-yame-et-sofiane-pamart-pour-le-gp-explorer-3\" target=\"_blank\" rel=\"noopener\">Clara Luciani<\/a>, Christine and the Queens,\u00a0<a href=\"https:\/\/mradio.fr\/news\/musique\/54832\/alain-souchon-les-4-anecdotes-insolites-sur-le-patriarche-du-clan-souchon\" target=\"_blank\" rel=\"noopener\">Alain Souchon<\/a>,\u00a0<a href=\"https:\/\/mradio.fr\/news\/musique\/55318\/marine-s-associe-a-eddy-pretto-pour-une-reprise-pleine-d-emotion-a-l-occasion-d-un-concert-inoubliable\" target=\"_blank\" rel=\"noopener\">Eddy de Pretto<\/a> ou encore <a href=\"https:\/\/mradio.fr\/news\/musique\/55395\/marine-bientot-dans-un-film-americain\" target=\"_blank\" rel=\"noopener\">Marine <\/a>ont tous r\u00e9pondu pr\u00e9sent pour la 600\u00e8me de <a href=\"https:\/\/mradio.fr\/news\/coulisses\/55065\/taratata-victime-de-sabotage-decide-de-porter-plainte\" target=\"_blank\" rel=\"noopener\">Taratata<\/a>. Mais au milieu de <strong>ces prestations salu\u00e9es<\/strong>, un moment a fait grincer des dents. Apr\u00e8s avoir livr\u00e9 une version \u00e9mouvante de <strong>\u00ab\u00a0J\u2019te l\u2019dis quand m\u00eame\u00a0\u00bb<\/strong>, <a href=\"https:\/\/mradio.fr\/news\/musique\/55434\/le-message-touchant-de-patrick-bruel-pour-les-20-ans-de-son-fils-leon\" target=\"_blank\" rel=\"noopener\">Patrick Bruel<\/a> a invit\u00e9 Cali et B\u00e9nabar \u00e0 le rejoindre pour chanter <strong>une version rock<\/strong> du classique intemporel de Myl\u00e8ne Farmer : <a href=\"https:\/\/mradio.fr\/news\/musique\/51761\/mylene-farmer-feder-raconte-les-coulisses-du-remix-de-desanchantee\" target=\"_blank\" rel=\"noopener\">\u00ab\u00a0D\u00e9senchant\u00e9e\u00a0\u00bb<\/a>. Une id\u00e9e ambitieuse, mais qui a re\u00e7u <strong>un accueil plus que mitig\u00e9<\/strong> de la part des 2 millions de t\u00e9l\u00e9spectateurs.<\/p>\n<p data-start=\"527\" data-end=\"856\">Sur les r\u00e9seaux sociaux, les r\u00e9actions ont \u00e9t\u00e9 <strong>cinglantes<\/strong>. \u00ab\u00a0Quel massacre\u00a0\u00bb, \u00ab\u00a0Une horreur\u00a0\u00bb ou encore \u00ab\u00a0La pauvre Myl\u00e8ne Farmer doit \u00eatre effondr\u00e9e !\u00a0\u00bb, &#8230; Les commentaires n&rsquo;ont cess\u00e9s\u00a0<strong>de se multiplier<\/strong> sur X. Les internautes pointent des voix d\u00e9cal\u00e9es, un manque d\u2019\u00e9nergie et <strong>une interpr\u00e9tation jug\u00e9e maladroite<\/strong>. Certains utilisateurs restent toutefois <strong>plus mesur\u00e9s<\/strong>, saluant l\u2019audace du trio.\u00a0Nagui, interrog\u00e9 apr\u00e8s coup, a <strong>d\u00e9fendu ses invit\u00e9s<\/strong>. Selon lui, Bruel, <a href=\"https:\/\/mradio.fr\/video\/clip\/51463\/cali-et-benabar-nous-annoncent-le-grand-jour\" target=\"_blank\" rel=\"noopener\">Cali et B\u00e9nabar<\/a> ont chant\u00e9 <strong>avec sinc\u00e9rit\u00e9<\/strong>, par admiration pour l\u2019\u0153uvre de Myl\u00e8ne Farmer.<\/p>\n<p data-start=\"527\" data-end=\"856\">Quoi qu\u2019il en soit, la 600\u00e8me de Taratata aura offert <strong>son lot d\u2019\u00e9motions et de surprises<\/strong>. Si la reprise de \u00ab\u00a0D\u00e9senchant\u00e9e\u00a0\u00bb a divis\u00e9, elle prouve une chose : <strong>plus de trente ans apr\u00e8s sa sortie<\/strong>, le tube de Myl\u00e8ne Farmer reste un monument <strong>intouchable <\/strong>de la chanson fran\u00e7aise.<\/p>\n<p data-start=\"1682\" data-end=\"1749\">En ce qui concerne la reprise, on vous laisse vous faire votre propre avis <strong>juste en dessous<\/strong>.<\/p>\n<p>\u00a0<\/p>\n<blockquote class=\"instagram-media\" style=\"background: #FFF; border: 0; border-radius: 3px; box-shadow: 0 0 1px 0 rgba(0,0,0,0.5),0 1px 10px 0 rgba(0,0,0,0.15); margin: 1px; max-width: 540px; min-width: 326px; padding: 0; width: calc(100% - 2px);\" data-instgrm-captioned=\"\" data-instgrm-permalink=\"https:\/\/www.instagram.com\/reel\/DOS5PYriDpx\/?utm_source=ig_embed&amp;utm_campaign=loading\" data-instgrm-version=\"14\"><p>&#13;<br \/>\n&#13;\n<\/p><\/blockquote>\n<p>\u00a0<\/p>\n<blockquote class=\"twitter-tweet\"><p>&#13;<\/p>\n<p dir=\"ltr\" lang=\"fr\"><a href=\"https:\/\/twitter.com\/hashtag\/taratata?src=hash&amp;ref_src=twsrc%5Etfw\" target=\"_blank\" rel=\"noopener\">#taratata<\/a> Aue ! A\u00efe ! A\u00efe ! Le trio infernal Bruel, Cali, Benabar ! La pauvre Myl\u00e8ne Farmer doit \u00eatre effondr\u00e9e ! \u2639\ufe0f\u2639\ufe0f\u2639\ufe0f<\/p>\n<p>&#13;<br \/>\n\u2014 Sentinelle (@100inL) <a href=\"https:\/\/twitter.com\/100inL\/status\/1972031648826028542?ref_src=twsrc%5Etfw\" target=\"_blank\" rel=\"noopener\">September 27, 2025<\/a><\/p><\/blockquote>\n<p>\u00a0<\/p>\n<blockquote class=\"twitter-tweet\"><p>&#13;<\/p>\n<p dir=\"ltr\" lang=\"it\">quel massacre<\/p>\n<p>&#13;<br \/>\n\u2014 Lapin sauvage (@lapin_la22579) <a href=\"https:\/\/twitter.com\/lapin_la22579\/status\/1972767180623409655?ref_src=twsrc%5Etfw\" target=\"_blank\" rel=\"noopener\">September 29, 2025<\/a><\/p><\/blockquote>\n<p>\t\t\t\t\t\t\t\t\t\t\t\t\t\t\t\t\t\t\t<script async src=\"https:\/\/platform.twitter.com\/widgets.js\" charset=\"utf-8\"><\/script><script async src=\"\/\/www.instagram.com\/embed.js\"><\/script><\/p>\n","protected":false},"excerpt":{"rendered":"Avec son casting 5 \u00e9toiles, la 600\u00e8me de\u00a0Taratata restera dans les m\u00e9moires\u2026 mais pas seulement pour les bonnes&hellip;\n","protected":false},"author":2,"featured_media":429138,"comment_status":"","ping_status":"","sticky":false,"template":"","format":"standard","meta":{"footnotes":""},"categories":[1355],"tags":[11,3723,2937,1695,1697,58,59,1011,26,27,3722,1361,3724,873,626,3725,1825],"class_list":{"0":"post-429137","1":"post","2":"type-post","3":"status-publish","4":"format-standard","5":"has-post-thumbnail","7":"category-musique","8":"tag-actualites","9":"tag-actus","10":"tag-artistes","11":"tag-chanson","12":"tag-concert","13":"tag-divertissement","14":"tag-entertainment","15":"tag-fr","16":"tag-francaise","17":"tag-france","18":"tag-mradio","19":"tag-music","20":"tag-musicale","21":"tag-musique","22":"tag-paris","23":"tag-podcast","24":"tag-radio"},"share_on_mastodon":{"url":"https:\/\/pubeurope.com\/@fr\/115294442923929994","error":""},"_links":{"self":[{"href":"https:\/\/www.europesays.com\/fr\/wp-json\/wp\/v2\/posts\/429137","targetHints":{"allow":["GET"]}}],"collection":[{"href":"https:\/\/www.europesays.com\/fr\/wp-json\/wp\/v2\/posts"}],"about":[{"href":"https:\/\/www.europesays.com\/fr\/wp-json\/wp\/v2\/types\/post"}],"author":[{"embeddable":true,"href":"https:\/\/www.europesays.com\/fr\/wp-json\/wp\/v2\/users\/2"}],"replies":[{"embeddable":true,"href":"https:\/\/www.europesays.com\/fr\/wp-json\/wp\/v2\/comments?post=429137"}],"version-history":[{"count":0,"href":"https:\/\/www.europesays.com\/fr\/wp-json\/wp\/v2\/posts\/429137\/revisions"}],"wp:featuredmedia":[{"embeddable":true,"href":"https:\/\/www.europesays.com\/fr\/wp-json\/wp\/v2\/media\/429138"}],"wp:attachment":[{"href":"https:\/\/www.europesays.com\/fr\/wp-json\/wp\/v2\/media?parent=429137"}],"wp:term":[{"taxonomy":"category","embeddable":true,"href":"https:\/\/www.europesays.com\/fr\/wp-json\/wp\/v2\/categories?post=429137"},{"taxonomy":"post_tag","embeddable":true,"href":"https:\/\/www.europesays.com\/fr\/wp-json\/wp\/v2\/tags?post=429137"}],"curies":[{"name":"wp","href":"https:\/\/api.w.org\/{rel}","templated":true}]}}