{"id":429149,"date":"2025-09-30T17:37:16","date_gmt":"2025-09-30T17:37:16","guid":{"rendered":"https:\/\/www.europesays.com\/fr\/429149\/"},"modified":"2025-09-30T17:37:16","modified_gmt":"2025-09-30T17:37:16","slug":"automobile-stellantis-arrete-sa-production-une-semaine-a-mulhouse","status":"publish","type":"post","link":"https:\/\/www.europesays.com\/fr\/429149\/","title":{"rendered":"Automobile. Stellantis arr\u00eate sa production une semaine \u00e0 Mulhouse"},"content":{"rendered":"<p>L\u2019usine de Mulhouse ne sera finalement pas \u00e9pargn\u00e9e par les difficult\u00e9s commerciales du groupe Stellantis. Apr\u00e8s avoir annonc\u00e9 un arr\u00eat de la production sur plusieurs sites europ\u00e9ens, dont Poissy en France, mais aussi en Allemagne, en Italie et en Espagne, la direction de Stellantis a annonc\u00e9, ce mardi 30\u00a0septembre, l\u2019interruption de l\u2019activit\u00e9 de l\u2019usine de Mulhouse du 27\u00a0octobre au 2\u00a0novembre.<\/p>\n<p>L\u2019information, annonc\u00e9e lors d\u2019une r\u00e9union du comit\u00e9 social et \u00e9conomique (CSE) ordinaire, a \u00e9t\u00e9 confirm\u00e9e par la CFE-CGC et un porte-parole du groupe. Depuis l\u2019arr\u00eat de la fabrication de la Peugeot 508, l\u2019usine alsacienne fabrique uniquement les Peugeot 308 et 408, ainsi que la DS7.<\/p>\n<p>  \u00ab\u00a0Un contexte sectoriel alarmant\u00a0\u00bb<\/p>\n<p>\u00ab\u00a0Cette d\u00e9cision concerne pr\u00e8s de 2\u00a0000 salari\u00e9s du site, s\u2019ajoutant aux mesures similaires d\u00e9j\u00e0 annonc\u00e9es pour l\u2019usine de Poissy et d\u2019autres sites europ\u00e9ens\u00a0\u00bb, souligne Laurent Gautherat, responsable de la CFE-CGC qui \u00e9voque \u00ab\u00a0un contexte sectoriel alarmant\u00a0\u00bb. \u00ab\u00a0Cette annonce confirme une d\u00e9t\u00e9rioration continue de la situation industrielle, avec des r\u00e9percussions directes sur l\u2019emploi et la stabilit\u00e9 des sites de production\u00a0\u00bb, ajoute Laurent Gautherat qui \u00e9voque environ un millier de salari\u00e9s mis au ch\u00f4mage partiel du 27\u00a0octobre au 2\u00a0novembre.<\/p>\n<p>Et le responsable de la CFE-CGC de demander \u00e0 la direction de \u00ab\u00a0former les salari\u00e9s et anticiper les besoins en comp\u00e9tences futures\u00a0\u00bb et de \u00ab\u00a0maintenir et moderniser les installations pour garantir la comp\u00e9titivit\u00e9 du site\u00a0\u00bb.<\/p>\n<p>  \u00ab\u00a0Ajuster le rythme de production\u00a0\u00bb<\/p>\n<p>\u00ab\u00a0Cette mesure vise \u00e0 ajuster le rythme de production \u00e0 un march\u00e9 europ\u00e9en difficile, tout en g\u00e9rant les stocks de mani\u00e8re aussi efficace que possible avant la fin de l\u2019ann\u00e9e\u00a0\u00bb, indique un porte-parole de <a href=\"https:\/\/www.lalsace.fr\/economie\/2025\/07\/29\/malgre-les-droits-de-douane-le-geant-stellantis-prevoit-de-rebondir-au-deuxieme-semestre\" target=\"_blank\" rel=\"noopener\">Stellantis<\/a> qui \u00e9voque une \u00ab\u00a0mise \u00e0 profit des p\u00e9riodes pour faire des travaux et proposer des formations \u00e0 nos salari\u00e9s, en somme, pour continuer \u00e0 travailler sur la performance industrielle de nos sites\u00a0\u00bb.<\/p>\n<p>\u00ab\u00a0Tous les constructeurs automobiles adaptent en permanence leurs outils industriels en fonction des conditions du march\u00e9, en g\u00e9rant les niveaux de stocks et en orientant efficacement les flux d\u2019approvisionnement\u00a0\u00bb, conclut le porte-parole du groupe.<\/p>\n","protected":false},"excerpt":{"rendered":"L\u2019usine de Mulhouse ne sera finalement pas \u00e9pargn\u00e9e par les difficult\u00e9s commerciales du groupe Stellantis. Apr\u00e8s avoir annonc\u00e9&hellip;\n","protected":false},"author":2,"featured_media":429150,"comment_status":"","ping_status":"","sticky":false,"template":"","format":"standard","meta":{"footnotes":""},"categories":[6],"tags":[2389,35,33,34,1636,107,1011,27,1637,693,1634,1635,2803,216],"class_list":{"0":"post-429149","1":"post","2":"type-post","3":"status-publish","4":"format-standard","5":"has-post-thumbnail","7":"category-economie","8":"tag-alsace","9":"tag-business","10":"tag-economie","11":"tag-economy","12":"tag-edition-mulhouse-thann","13":"tag-fil-info","14":"tag-fr","15":"tag-france","16":"tag-haut-rhin","17":"tag-industrie","18":"tag-mulhouse","19":"tag-secteur-de-mulhouse","20":"tag-transport","21":"tag-vie-des-entreprises"},"share_on_mastodon":{"url":"https:\/\/pubeurope.com\/@fr\/115294466504477865","error":""},"_links":{"self":[{"href":"https:\/\/www.europesays.com\/fr\/wp-json\/wp\/v2\/posts\/429149","targetHints":{"allow":["GET"]}}],"collection":[{"href":"https:\/\/www.europesays.com\/fr\/wp-json\/wp\/v2\/posts"}],"about":[{"href":"https:\/\/www.europesays.com\/fr\/wp-json\/wp\/v2\/types\/post"}],"author":[{"embeddable":true,"href":"https:\/\/www.europesays.com\/fr\/wp-json\/wp\/v2\/users\/2"}],"replies":[{"embeddable":true,"href":"https:\/\/www.europesays.com\/fr\/wp-json\/wp\/v2\/comments?post=429149"}],"version-history":[{"count":0,"href":"https:\/\/www.europesays.com\/fr\/wp-json\/wp\/v2\/posts\/429149\/revisions"}],"wp:featuredmedia":[{"embeddable":true,"href":"https:\/\/www.europesays.com\/fr\/wp-json\/wp\/v2\/media\/429150"}],"wp:attachment":[{"href":"https:\/\/www.europesays.com\/fr\/wp-json\/wp\/v2\/media?parent=429149"}],"wp:term":[{"taxonomy":"category","embeddable":true,"href":"https:\/\/www.europesays.com\/fr\/wp-json\/wp\/v2\/categories?post=429149"},{"taxonomy":"post_tag","embeddable":true,"href":"https:\/\/www.europesays.com\/fr\/wp-json\/wp\/v2\/tags?post=429149"}],"curies":[{"name":"wp","href":"https:\/\/api.w.org\/{rel}","templated":true}]}}