{"id":429158,"date":"2025-09-30T17:42:21","date_gmt":"2025-09-30T17:42:21","guid":{"rendered":"https:\/\/www.europesays.com\/fr\/429158\/"},"modified":"2025-09-30T17:42:21","modified_gmt":"2025-09-30T17:42:21","slug":"chantage-a-la-sextape-le-maire-de-saint-etienne-sera-fixe-le-1er-decembre","status":"publish","type":"post","link":"https:\/\/www.europesays.com\/fr\/429158\/","title":{"rendered":"\u00ab\u00a0Chantage \u00e0 la sextape\u00a0\u00bb : le maire de Saint-\u00c9tienne sera fix\u00e9 le 1er d\u00e9cembre"},"content":{"rendered":"<ul class=\"jsx-862013697 ArticleChapo__List\">\n<li class=\"jsx-862013697 ArticleChapo__List_Item flex\">Une peine de 5 ans de prison, dont 3 ans ferme et 5 ans d&rsquo;in\u00e9ligibilit\u00e9, a \u00e9t\u00e9 requise contre Ga\u00ebl Perdriau.<\/li>\n<li class=\"jsx-862013697 ArticleChapo__List_Item flex\">Le maire de Saint-\u00c9tienne est notamment soup\u00e7onn\u00e9 de chantage \u00e0 la sextape aupr\u00e8s de son ancien premier adjoint.<\/li>\n<li class=\"jsx-862013697 ArticleChapo__List_Item flex\">L&rsquo;homme aurait \u00e9t\u00e9 film\u00e9 \u00e0 son insu en 2015.<\/li>\n<\/ul>\n<p data-module=\"article-paragraph\" class=\"jsx-3046738180 Paragraph Paragraph__End\">Ga\u00ebl Perdriau sera fix\u00e9 le 1er d\u00e9cembre. La date de la d\u00e9cision a \u00e9t\u00e9 annonc\u00e9e mardi 30 septembre par le tribunal correctionnel de Lyon, et <a href=\"https:\/\/www.tf1info.fr\/justice-faits-divers\/chantage-a-la-sextape-a-saint-etienne-on-vous-resume-l-affaire-dont-le-proces-s-ouvre-lundi-21-septembre-2395884.html\" target=\"_blank\" rel=\"noopener\">fait suite \u00e0 une semaine de proc\u00e8s<\/a> mettant en cause le maire de Saint-\u00c9tienne dans l&rsquo;affaire du \u00ab\u00a0chantage \u00e0 la sextape\u00a0\u00bb \u00e0 l&rsquo;encontre de son ancien premier adjoint, Gilles Artigues. La veille, le parquet a requis une peine de 5 ans de prison, dont 3 ans ferme et 5 ans d&rsquo;in\u00e9ligibilit\u00e9 avec ex\u00e9cution imm\u00e9diate.\u00a0<\/p>\n<p data-module=\"article-paragraph\" class=\"jsx-3046738180 Paragraph Paragraph__End\">L&rsquo;avocat de la d\u00e9fense, Me Jean-F\u00e9lix Luciani, a plaid\u00e9 la relaxe, avan\u00e7ant que son client \u00ab\u00a0n&rsquo;a jamais eu la vid\u00e9o et aucun \u00e9crit ne montre qu&rsquo;il a donn\u00e9 son aval \u00e0 cette odieuse op\u00e9ration\u00a0\u00bb. Il r\u00e9clame que l&rsquo;\u00e9dile, accus\u00e9 de chantage, de d\u00e9tournement de fonds publics et d&rsquo;association de malfaiteurs, soit d\u00e9clar\u00e9 non coupable \u00ab\u00a0au b\u00e9n\u00e9fice du doute\u00a0\u00bb. Ga\u00ebl Perdriau, qui a toujours clam\u00e9 son innocence, a r\u00e9p\u00e9t\u00e9 ce mardi ne pas \u00eatre \u00ab\u00a0le responsable\u00a0\u00bb.<\/p>\n<p><a href=\"https:\/\/www.tf1info.fr\/politique\/chantage-a-la-sextape-a-saint-etienne-impliquant-le-maire-gael-perdriau-on-vous-resume-l-affaire-2232148.html\" rel=\"noopener\" class=\"jsx-3308031228 Link flex\" target=\"_blank\"><img decoding=\"async\" src=\"https:\/\/www.europesays.com\/fr\/wp-content\/uploads\/2025\/09\/affaire-du-chantage-a-la-sextape-a-saint-etienne-gael-perdriau-511f99-0@1x.jpeg\" alt=\"JEAN-PHILIPPE KSIAZEK \/ AFP\" loading=\"lazy\" importance=\"low\" fetchpriority=\"low\" class=\"\" aria-hidden=\"true\"\/><\/p>\n<p class=\"jsx-3657663356 ReadMoreArticle__Title\">Lire aussi<\/p>\n<p class=\"jsx-3657663356\">Chantage \u00e0 la sextape \u00e0 Saint-Etienne : on vous r\u00e9sume l&rsquo;affaire<\/p>\n<p><\/a><\/p>\n<p data-module=\"article-paragraph\" class=\"jsx-3046738180 Paragraph Paragraph__End\">Cette affaire, r\u00e9v\u00e9l\u00e9e par Mediapart en 2022, avait secou\u00e9 le paysage politique local. Le maire de Saint-\u00c9tienne est soup\u00e7onn\u00e9 d&rsquo;avoir intimid\u00e9 Gilles Artigues, son premier adjoint et potentiel rival, en l&rsquo;ayant film\u00e9 \u00e0 son insu lors d&rsquo;un \u00e9bat sexuel avec un prostitu\u00e9 en 2015. Des membres de l&rsquo;entourage de l&rsquo;\u00e9dile ont assur\u00e9 avoir agi au nom de Ga\u00ebl Perdriau qui, selon eux, voulaient \u00ab\u00a0tenir\u00a0\u00bb son premier adjoint dont il doutait de la loyaut\u00e9. Depuis ces r\u00e9v\u00e9lations, il a \u00e9t\u00e9 exclu du parti des R\u00e9publicains, mais persiste \u00e0 garder son mandat de maire. \u00a0<\/p>\n<p>Guillaume CROS<\/p>\n","protected":false},"excerpt":{"rendered":"Une peine de 5 ans de prison, dont 3 ans ferme et 5 ans d&rsquo;in\u00e9ligibilit\u00e9, a \u00e9t\u00e9 requise&hellip;\n","protected":false},"author":2,"featured_media":407414,"comment_status":"","ping_status":"","sticky":false,"template":"","format":"standard","meta":{"footnotes":""},"categories":[9653],"tags":[1111,40206,11,2430,53902,1777,674,1011,27,1922,303,2954,12,1072,26086,2694,25,4001],"class_list":{"0":"post-429158","1":"post","2":"type-post","3":"status-publish","4":"format-standard","5":"has-post-thumbnail","7":"category-saint-etienne","8":"tag-actu","9":"tag-actualite-police","10":"tag-actualites","11":"tag-auvergne-rhone-alpes","12":"tag-chantage-a-la-sextape-a-la-mairie-de-saint-etienne","13":"tag-eu","14":"tag-europe","15":"tag-fr","16":"tag-france","17":"tag-info","18":"tag-justice","19":"tag-justice-et-faits-divers","20":"tag-news","21":"tag-police","22":"tag-politique-locale","23":"tag-proces","24":"tag-republique-francaise","25":"tag-saint-etienne"},"share_on_mastodon":{"url":"https:\/\/pubeurope.com\/@fr\/115294486690303537","error":""},"_links":{"self":[{"href":"https:\/\/www.europesays.com\/fr\/wp-json\/wp\/v2\/posts\/429158","targetHints":{"allow":["GET"]}}],"collection":[{"href":"https:\/\/www.europesays.com\/fr\/wp-json\/wp\/v2\/posts"}],"about":[{"href":"https:\/\/www.europesays.com\/fr\/wp-json\/wp\/v2\/types\/post"}],"author":[{"embeddable":true,"href":"https:\/\/www.europesays.com\/fr\/wp-json\/wp\/v2\/users\/2"}],"replies":[{"embeddable":true,"href":"https:\/\/www.europesays.com\/fr\/wp-json\/wp\/v2\/comments?post=429158"}],"version-history":[{"count":0,"href":"https:\/\/www.europesays.com\/fr\/wp-json\/wp\/v2\/posts\/429158\/revisions"}],"wp:featuredmedia":[{"embeddable":true,"href":"https:\/\/www.europesays.com\/fr\/wp-json\/wp\/v2\/media\/407414"}],"wp:attachment":[{"href":"https:\/\/www.europesays.com\/fr\/wp-json\/wp\/v2\/media?parent=429158"}],"wp:term":[{"taxonomy":"category","embeddable":true,"href":"https:\/\/www.europesays.com\/fr\/wp-json\/wp\/v2\/categories?post=429158"},{"taxonomy":"post_tag","embeddable":true,"href":"https:\/\/www.europesays.com\/fr\/wp-json\/wp\/v2\/tags?post=429158"}],"curies":[{"name":"wp","href":"https:\/\/api.w.org\/{rel}","templated":true}]}}