{"id":429171,"date":"2025-09-30T17:49:11","date_gmt":"2025-09-30T17:49:11","guid":{"rendered":"https:\/\/www.europesays.com\/fr\/429171\/"},"modified":"2025-09-30T17:49:11","modified_gmt":"2025-09-30T17:49:11","slug":"un-pere-de-famille-condamne-a-rouen","status":"publish","type":"post","link":"https:\/\/www.europesays.com\/fr\/429171\/","title":{"rendered":"un p\u00e8re de famille condamn\u00e9 \u00e0 Rouen"},"content":{"rendered":"<p>            Par<br \/>\n        <strong><br \/>\n            <a href=\"https:\/\/actu.fr\/auteur\/yann-rivallan\" title=\"Consulter tous les articles de Yann Rivallan\" target=\"_blank\" rel=\"noopener\">Yann Rivallan<\/a><br \/>\n        <\/strong><\/p>\n<p>        Publi\u00e9 le<\/p>\n<p>            30 sept. 2025 \u00e0 19h12        <\/p>\n<p>L\u2019attitude du pr\u00e9venu d\u00e9tonne avec la violence des faits. Abdoulaye*, p\u00e8re de famille \u00e2g\u00e9 de 45\u00a0ans, est renvoy\u00e9 devant le <a href=\"https:\/\/actu.fr\/tag\/tribunal-de-rouen\" target=\"_blank\" rel=\"noopener\">tribunal de Rouen<\/a> pour avoir <strong>frapp\u00e9 sa fille de 17\u00a0ans<\/strong>, le 20 ao\u00fbt 2025 \u00e0 <strong>Sotteville-l\u00e8s-Rouen<\/strong>. Un diff\u00e9rent qui serait li\u00e9, d\u2019apr\u00e8s le pr\u00e9venu, \u00e0 l\u2019attitude d\u00e9sinvolte de sa fille et \u00ab\u2009ses mauvaises notes\u2009\u00bb.<\/p>\n<p>\u00ab\u2009Elle prend la fuite\u2009\u00bb<\/p>\n<p class=\" wall-content\">En cette fin de mois d\u2019ao\u00fbt, Assa*, 17\u00a0ans, se trouve dans un centre a\u00e9r\u00e9 quand elle apprend que son p\u00e8re, avec qui les relations sont souvent conflictuelles, est en route pour venir la chercher avec sa nouvelle compagne.<\/p>\n<p class=\" wall-content\">\u00ab\u2009Elle prend directement<strong> la fuite vers l\u2019arr\u00eat de m\u00e9tro<\/strong> le plus proche\u2009\u00bb, rapporte le pr\u00e9sident du tribunal. Mais son p\u00e8re l\u2019intercepte\u2009: \u00ab\u2009Tu m\u2019\u00e9vites\u2009?\u2009\u00bb, aurait-il demand\u00e9 \u00e0 cette derni\u00e8re, avant de la faire monter de force dans la voiture.<\/p>\n<p class=\" wall-content\">Il voulait la conduire chez sa grand-m\u00e8re, qu\u2019elle n\u2019aurait pas vue depuis longtemps.<\/p>\n<p>\u00ab\u2009J\u2019ai peur pour son avenir\u2009\u00bb<\/p>\n<p class=\" wall-content\">Une fois devant le domicile de la grand-m\u00e8re, \u00e0 Sotteville-l\u00e8s-Rouen, Abdoulaye aurait, selon le t\u00e9moignage de sa fille, commenc\u00e9 \u00e0 lui ass\u00e9ner des coups de parapluie dans la voiture.<\/p>\n<p class=\" wall-content\">Ensuite, il l\u2019aurait <strong>tra\u00een\u00e9e au sol<\/strong> dans la rue, avant de lui ass\u00e9ner \u00ab\u2009une gifle et un coup de poing\u2009\u00bb, rapporte le pr\u00e9sident. Tout \u00e7a en pleine journ\u00e9e et sous les yeux d\u2019une commer\u00e7ante qui a appel\u00e9 la police en voyant la sc\u00e8ne.<\/p>\n<p class=\" wall-content\">Aujourd\u2019hui, le p\u00e8re de famille reconna\u00eet avoir \u00e9t\u00e9 \u00ab\u2009d\u00e9pass\u00e9 par les \u00e9v\u00e9nements.\u2009\u00bb\u2009: \u00ab\u2009Je n\u2019aurais jamais d\u00fb r\u00e9agir comme \u00e7a, en temps normal je fais preuve de calme.\u2009\u00bb Selon lui, sa fille a <strong>\u00ab\u2009une scolarit\u00e9 catastrophique\u2009\u00bb<\/strong>, qui l\u2019a conduit \u00e0 \u00eatre exclue \u00e0 plusieurs reprises. Elle a aussi \u00ab\u2009de mauvaises notes\u2009\u00bb.<\/p>\n<blockquote class=\"ac-article-quote wall-content\">\n<p>J&rsquo;ai peur pour son avenir.<\/p>\n<p>    <strong>Le p\u00e8re de la victime<\/strong>\n            <\/p><\/blockquote>\n<p>Votre r\u00e9gion, votre actu !<\/p>\n<p>Recevez chaque jour les infos qui comptent pour vous.<\/p>\n<p>\t<a href=\"https:\/\/actu.fr\/newsletter\" class=\"ac-btn ac-btn--corner ac-btn--medium ac-btn--blue800\" target=\"_blank\" rel=\"noopener\">S&rsquo;incrire<\/a><\/p>\n<p class=\" wall-content\">Il indique avoir \u00ab\u2009re\u00e7u des coups\u2009\u00bb de sa fille au moment des faits et que cette derni\u00e8re l\u2019aurait copieusement insult\u00e9. Mais l\u2019exploitation des cam\u00e9ras de vid\u00e9osurveillance dans la rue vient contredire ses propos. Seules les violences commises par le p\u00e8re apparaissent.<\/p>\n<p>Un p\u00e8re de famille au casier bien rempli<\/p>\n<p class=\" wall-content\">Les justifications du p\u00e8re de famille passent mal. Son casier judiciaire comporte <strong>de nombreuses mentions<\/strong>, dont \u00ab\u2009des violences sur conjoint ou avec arme\u2009\u00bb, note le pr\u00e9sident. Sans compter des faits d\u2019escroquerie, de vols, des d\u00e9lits routiers et du trafic de stup\u00e9fiants.<\/p>\n<p class=\" wall-content\">Dans une pr\u00e9c\u00e9dente affaire aupr\u00e8s du juge des enfants, il \u00e9tait not\u00e9 qu\u2019Assa aurait subi des violences \u00ab\u2009de ses deux parents\u2009\u00bb, rappelle le pr\u00e9sident. \u00ab\u2009Oui, il y a eu des violences de sa maman, assure le pr\u00e9venu. Mais [Assa] affabule beaucoup aussi.\u2009\u00bb<\/p>\n<p>Elle \u00ab\u2009ne veut plus avoir de contacts avec son p\u00e8re\u2009\u00bb<\/p>\n<p class=\" wall-content\">Pour l\u2019avocate de la partie civile, les violences sont inacceptables et ont \u00e9t\u00e9 commises \u00ab\u2009en plein jour\u2009\u00bb, aux yeux de tous. \u00ab\u2009Aucun enfant ne devrait subir un d\u00e9cha\u00eenement de violences pareil\u2009\u00bb, poursuit-elle.<\/p>\n<p class=\" wall-content\">Depuis cet \u00e9pisode le 20\u00a0ao\u00fbt, Assa \u00ab\u2009ne veut <strong>plus avoir de contact<\/strong>\u00a0avec son p\u00e8re\u2009\u00bb, plaide-t-elle. Pour ces faits, elle demande au tribunal une interdiction d\u2019entrer en contact avec la victime et de para\u00eetre \u00e0 son domicile. De plus, elle demande la somme de <strong>1\u2009200\u00a0euros<\/strong> pour son pr\u00e9judice.<\/p>\n<p class=\" wall-content\">La m\u00e8re d\u2019Assa, pr\u00e9sente \u00e0 cette audience, se dit \u00e0 la barre \u00ab\u2009tr\u00e8s choqu\u00e9e\u2009\u00bb par les \u00e9v\u00e9nements et sollicite elle aussi 1\u2009200\u00a0euros.<\/p>\n<p class=\" wall-content\">Le procureur de la R\u00e9publique reste choqu\u00e9 par ce r\u00e9cit de violences\u2009: \u00ab\u2009Comment peut-on donner un coup de poing \u00e0 son enfant\u2009?\u2009\u00bb Au vu des ant\u00e9c\u00e9dents judiciaires d\u2019Abdoulaye, il a \u00ab\u2009du mal \u00e0 croire [\u00e0 ses excuses]\u2009\u00bb, malgr\u00e9 le comportement qu\u2019il pr\u00e9sente devant la cour.<\/p>\n<p class=\" wall-content\">Il requiert une peine de <strong>10\u00a0mois de prison avec sursis<\/strong> et une interdiction de d\u00e9tenir une arme pendant plusieurs ann\u00e9es.<\/p>\n<p>Le p\u00e8re de famille condamn\u00e9<\/p>\n<p class=\" wall-content\">\u00ab\u2009Ce sont des faits graves et inadmissibles, admet l\u2019avocate de la d\u00e9fense dans sa plaidoirie. Mon client reconna\u00eet les faits et les regrette.\u2009\u00bb Mais elle tient \u00e0 pr\u00e9ciser que rien n\u2019\u00e9tablit qu\u2019il y a eu des violences \u00ab\u2009avec le parapluie\u2009\u00bb.<\/p>\n<p class=\" wall-content\">Plusieurs t\u00e9moins viennent contredire cette hypoth\u00e8se, selon elle. De plus, la jeune fille n\u2019a re\u00e7u \u00ab\u2009aucune incapacit\u00e9 totale de travail\u2009\u00bb. Elle demande donc aux juges de <strong>ne pas retenir cette circonstance aggravante<\/strong>.<\/p>\n<p class=\" wall-content\">Concernant les mentions au casier judiciaire de son client, elles sont \u00ab\u2009pour la plupart assez anciennes\u2009\u00bb, souligne-t-elle. Depuis, Abdoulaye est ins\u00e9r\u00e9. Il b\u00e9n\u00e9ficie d\u2019un suivi psychologique et n\u2019a \u00ab\u2009aucun probl\u00e8me de violences dans sa vie familiale\u2009\u00bb.<\/p>\n<p class=\" wall-content\">Au final, le tribunal condamne le p\u00e8re de famille \u00e0 hauteur des r\u00e9quisitions du procureur. Il est reconnu coupable et \u00e9cope d\u2019une peine de <strong>10\u00a0mois de prison avec sursis<\/strong>, une interdiction de d\u00e9tenir une arme pendant 2\u00a0ans, une interdiction d\u2019entrer en contact avec la victime et de para\u00eetre \u00e0 son domicile. Il devra aussi indemniser sa fille \u00e0 hauteur de 1\u2009200\u00a0euros et verser 400\u00a0euros \u00e0 son ex-conjointe.<\/p>\n<p class=\" wall-content\">*Le pr\u00e9nom a \u00e9t\u00e9 modifi\u00e9<\/p>\n<p>Suivez l\u2019actualit\u00e9 de Rouen sur <a href=\"https:\/\/www.whatsapp.com\/channel\/0029VaKfnf99hXF2ddApFB1D\" target=\"_blank\" rel=\"noopener\">notre cha\u00eene WhatsApp<\/a> et sur <a href=\"https:\/\/www.tiktok.com\/@76actu.fr?lang=fr\" target=\"_blank\" rel=\"noopener\">notre compte TikTok<\/a><\/p>\n<p class=\" wall-content\">Personnalisez votre actualit\u00e9 en ajoutant vos villes et m\u00e9dias en favori avec <a href=\"https:\/\/moncompte.actu.fr\" title=\"D\u00e9couvez Mon Actu\" rel=\"nofollow noopener\" data-trk=\"{&quot;cta&quot;:{&quot;action&quot;:&quot;https:\\\/\\\/moncompte.actu.fr&quot;,&quot;category&quot;:&quot;mon compte&quot;,&quot;from&quot;:&quot;article footer&quot;,&quot;name&quot;:&quot;Mon actu&quot;,&quot;type&quot;:&quot;cta&quot;}}\" target=\"_blank\">Mon Actu<\/a>.<\/p>\n<p>                    <script async src=\"\/\/www.tiktok.com\/embed.js\"><\/script><\/p>\n","protected":false},"excerpt":{"rendered":"Par Yann Rivallan Publi\u00e9 le 30 sept. 2025 \u00e0 19h12 L\u2019attitude du pr\u00e9venu d\u00e9tonne avec la violence des&hellip;\n","protected":false},"author":2,"featured_media":429172,"comment_status":"","ping_status":"","sticky":false,"template":"","format":"standard","meta":{"footnotes":""},"categories":[9587],"tags":[1111,11,1777,674,118,1011,27,303,12,5161,25,9590,13682,7501],"class_list":{"0":"post-429171","1":"post","2":"type-post","3":"status-publish","4":"format-standard","5":"has-post-thumbnail","7":"category-rouen","8":"tag-actu","9":"tag-actualites","10":"tag-eu","11":"tag-europe","12":"tag-faits-divers","13":"tag-fr","14":"tag-france","15":"tag-justice","16":"tag-news","17":"tag-normandie","18":"tag-republique-francaise","19":"tag-rouen","20":"tag-tribunal-de-rouen","21":"tag-violences-urbaines"},"share_on_mastodon":{"url":"https:\/\/pubeurope.com\/@fr\/115294513880082908","error":""},"_links":{"self":[{"href":"https:\/\/www.europesays.com\/fr\/wp-json\/wp\/v2\/posts\/429171","targetHints":{"allow":["GET"]}}],"collection":[{"href":"https:\/\/www.europesays.com\/fr\/wp-json\/wp\/v2\/posts"}],"about":[{"href":"https:\/\/www.europesays.com\/fr\/wp-json\/wp\/v2\/types\/post"}],"author":[{"embeddable":true,"href":"https:\/\/www.europesays.com\/fr\/wp-json\/wp\/v2\/users\/2"}],"replies":[{"embeddable":true,"href":"https:\/\/www.europesays.com\/fr\/wp-json\/wp\/v2\/comments?post=429171"}],"version-history":[{"count":0,"href":"https:\/\/www.europesays.com\/fr\/wp-json\/wp\/v2\/posts\/429171\/revisions"}],"wp:featuredmedia":[{"embeddable":true,"href":"https:\/\/www.europesays.com\/fr\/wp-json\/wp\/v2\/media\/429172"}],"wp:attachment":[{"href":"https:\/\/www.europesays.com\/fr\/wp-json\/wp\/v2\/media?parent=429171"}],"wp:term":[{"taxonomy":"category","embeddable":true,"href":"https:\/\/www.europesays.com\/fr\/wp-json\/wp\/v2\/categories?post=429171"},{"taxonomy":"post_tag","embeddable":true,"href":"https:\/\/www.europesays.com\/fr\/wp-json\/wp\/v2\/tags?post=429171"}],"curies":[{"name":"wp","href":"https:\/\/api.w.org\/{rel}","templated":true}]}}