{"id":429173,"date":"2025-09-30T17:50:18","date_gmt":"2025-09-30T17:50:18","guid":{"rendered":"https:\/\/www.europesays.com\/fr\/429173\/"},"modified":"2025-09-30T17:50:18","modified_gmt":"2025-09-30T17:50:18","slug":"football-sm-caen-fc-rouen-changement-dhoraire-et-diffusion-tv-pour-le-derby-de-normandie","status":"publish","type":"post","link":"https:\/\/www.europesays.com\/fr\/429173\/","title":{"rendered":"Football. SM Caen &#8211; FC Rouen : changement d&rsquo;horaire et diffusion TV pour le derby de Normandie"},"content":{"rendered":"<p class=\"article__intro\">Le SM Caen et le FC Rouen s&rsquo;affrontent au stade Michel d&rsquo;Ornano, mardi 21 octobre 2025. Les deux clubs ont d\u00e9cid\u00e9 de changer l&rsquo;horaire du coup d&rsquo;envoi du match, qui sera retransmis par France 3 Normandie.<\/p>\n<p>\n      L\u2019actu des r\u00e9gions\n    <\/p>\n<p>\n      Chaque jour, un tour d\u2019horizon des principales infos de toutes les r\u00e9gions.\n    <\/p>\n<p>    France T\u00e9l\u00e9visions utilise votre adresse e-mail afin de vous envoyer la newsletter \u00ab\u00a0L\u2019actu des r\u00e9gions\u00a0\u00bb. Vous pouvez vous d\u00e9sinscrire \u00e0 tout moment via le lien en bas de cette newsletter. <a target=\"_blank\" href=\"https:\/\/www.francetelevisions.fr\/groupe\/confidentialite\/politique-de-confidentialite\/politique-de-confidentialite-de-france-televisions-6503\" rel=\"nofollow noopener\">Notre politique de confidentialit\u00e9<\/a><\/p>\n<p>C&rsquo;est un match tr\u00e8s attendu ! Le duel entre le SM Caen et le FC Rouen se dispute mardi 21 octobre. Initialement pr\u00e9vu \u00e0 19h30, le coup d&rsquo;envoi a \u00e9t\u00e9 report\u00e9 d&rsquo;une demi-heure.<\/p>\n<p>En effet, afin que le plus possible de supporters des deux clubs puissent assister \u00e0 ce derby normand, les dirigeants caennais et rouennais se sont accord\u00e9s pour commencer la rencontre \u00e0 20\u00a0heures.\u00a0<\/p>\n<p>La confrontation est tr\u00e8s attendue \u00e0 plus d&rsquo;un titre. D&rsquo;abord parce que Rouen r\u00e9alise un excellent d\u00e9but de saison, au point d&rsquo;\u00eatre leader du National. Depuis le rachat du club par le turc Tarkan Ser, <a href=\"https:\/\/france3-regions.franceinfo.fr\/normandie\/seine-maritime\/rouen\/video-j-ai-envie-que-ce-club-retrouve-le-monde-professionnel-les-objectifs-du-fc-rouen-apres-le-tres-bon-debut-de-saison-3216275.html\" target=\"_blank\" rel=\"noopener nofollow\" data-tooltip-url=\"https:\/\/france3-regions.franceinfo.fr\/normandie\/seine-maritime\/rouen\/video-j-ai-envie-que-ce-club-retrouve-le-monde-professionnel-les-objectifs-du-fc-rouen-apres-le-tres-bon-debut-de-saison-3216275.html\">le FCR ne cache pas son ambition de retrouver le monde professionnel<\/a>.<\/p>\n<p>Quoi de mieux pour affirmer encore un peu plus sa force que d&rsquo;aller remporter un derby chez le voisin caennais, propri\u00e9t\u00e9 de Kylian Mbapp\u00e9, plus gros budget du championnat, et fer de lance du football normand depuis un quart de si\u00e8cle.<\/p>\n<p><a data-article-figure=\"\" href=\"https:\/\/france3-regions.franceinfo.fr\/image\/C29fSUYc_w5vZRyXVPQqiTnHYsQ\/3897x2598\/regions\/2025\/09\/30\/maxsportsworldthree417691-68dc033347610626589213.jpg\" data-pswp-width=\"3897\" data-pswp-height=\"2598\" target=\"_blank\" rel=\"nofollow noopener\"><\/p>\n<p>          <img width=\"600\" height=\"400\" class=\"article-image lazy\" data-src=\"https:\/\/www.europesays.com\/fr\/wp-content\/uploads\/2025\/09\/maxsportsworldthree417691-68dc033347610626589213.jpg\" alt=\"Le FC Rouen est \u00e0 la f\u00eate en ce d\u00e9but de saison. Apr\u00e8s huit matchs, les diables rouges sont leaders de National.\" fetchpriority=\"high\" as=\"image\"\/><\/p>\n<p>\n            Le FC Rouen est \u00e0 la f\u00eate en ce d\u00e9but de saison. Apr\u00e8s huit matchs, les diables rouges sont leaders de National.<br \/>\n                           \u2022<br \/>\n                                      \u00a9 DAMIEN DESLANDES  \/ MAXPPP\n                      <\/p>\n<p><\/a><\/p>\n<p>Surtout qu&rsquo;en face, les Malherbistes marchent sur des \u0153ufs. Depuis leur large victoire \u00e0 domicile contre Aubagne (3-0) pour lancer la saison, les rouges et bleus n&rsquo;ont plus gagn\u00e9 \u00e0 la maison. Pire, ils n&rsquo;ont pas r\u00e9ussi \u00e0 marquer le moindre but en trois rencontres devant leurs supporters.\u00a0<\/p>\n<p>Alors qu&rsquo;ils avaient tenu en \u00e9chec trois belles \u00e9curies du championnat (Dijon, Sochaux et Valenciennes), les Caennais ont perdu \u00e0 Ch\u00e2teauroux, ce qui les a fait reculer \u00e0 la 9e place du classement. M\u00eame s&rsquo;ils auront deux matchs avant le derby pour essayer de se relancer, il leur sera primordial de l&#8217;emporter pour remonter vers les premi\u00e8res places.\u00a0<\/p>\n<p>Au maximum, un peu plus de 20\u00a0000 spectateurs pourront assister au match dans les tribunes du stade d&rsquo;Ornano. Pour ceux qui ne pourraient pas y aller, pas de panique, France 3 Normandie retransmettra la rencontre en direct et en int\u00e9gralit\u00e9, avec les commentaires de Boris Letondeur et David Fouquet.\u00a0<\/p>\n<p>Rendez-vous mardi 21 octobre, \u00e0 19h55 sur le site internet de France 3 Normandie et sur la plateforme France.tv.\u00a0<\/p>\n","protected":false},"excerpt":{"rendered":"Le SM Caen et le FC Rouen s&rsquo;affrontent au stade Michel d&rsquo;Ornano, mardi 21 octobre 2025. Les deux&hellip;\n","protected":false},"author":2,"featured_media":429174,"comment_status":"","ping_status":"","sticky":false,"template":"","format":"standard","meta":{"footnotes":""},"categories":[9587],"tags":[1111,11,1777,674,1011,27,12,5161,25,9590],"class_list":{"0":"post-429173","1":"post","2":"type-post","3":"status-publish","4":"format-standard","5":"has-post-thumbnail","7":"category-rouen","8":"tag-actu","9":"tag-actualites","10":"tag-eu","11":"tag-europe","12":"tag-fr","13":"tag-france","14":"tag-news","15":"tag-normandie","16":"tag-republique-francaise","17":"tag-rouen"},"share_on_mastodon":{"url":"https:\/\/pubeurope.com\/@fr\/115294517703033525","error":""},"_links":{"self":[{"href":"https:\/\/www.europesays.com\/fr\/wp-json\/wp\/v2\/posts\/429173","targetHints":{"allow":["GET"]}}],"collection":[{"href":"https:\/\/www.europesays.com\/fr\/wp-json\/wp\/v2\/posts"}],"about":[{"href":"https:\/\/www.europesays.com\/fr\/wp-json\/wp\/v2\/types\/post"}],"author":[{"embeddable":true,"href":"https:\/\/www.europesays.com\/fr\/wp-json\/wp\/v2\/users\/2"}],"replies":[{"embeddable":true,"href":"https:\/\/www.europesays.com\/fr\/wp-json\/wp\/v2\/comments?post=429173"}],"version-history":[{"count":0,"href":"https:\/\/www.europesays.com\/fr\/wp-json\/wp\/v2\/posts\/429173\/revisions"}],"wp:featuredmedia":[{"embeddable":true,"href":"https:\/\/www.europesays.com\/fr\/wp-json\/wp\/v2\/media\/429174"}],"wp:attachment":[{"href":"https:\/\/www.europesays.com\/fr\/wp-json\/wp\/v2\/media?parent=429173"}],"wp:term":[{"taxonomy":"category","embeddable":true,"href":"https:\/\/www.europesays.com\/fr\/wp-json\/wp\/v2\/categories?post=429173"},{"taxonomy":"post_tag","embeddable":true,"href":"https:\/\/www.europesays.com\/fr\/wp-json\/wp\/v2\/tags?post=429173"}],"curies":[{"name":"wp","href":"https:\/\/api.w.org\/{rel}","templated":true}]}}