{"id":429179,"date":"2025-09-30T17:53:28","date_gmt":"2025-09-30T17:53:28","guid":{"rendered":"https:\/\/www.europesays.com\/fr\/429179\/"},"modified":"2025-09-30T17:53:28","modified_gmt":"2025-09-30T17:53:28","slug":"oublier-lhopital-pendant-quelques-heures-quand-les-enfants-malades-se-mettent-dans-la-peau-des-pompiers-a-rennes","status":"publish","type":"post","link":"https:\/\/www.europesays.com\/fr\/429179\/","title":{"rendered":"\u00ab\u00a0Oublier l\u2019h\u00f4pital pendant quelques heures\u00a0\u00bb\u00a0: Quand les enfants malades se mettent dans la peau des pompiers \u00e0 Rennes"},"content":{"rendered":"<p>Du soleil et des sourires. Ce mardi apr\u00e8s-midi, une vingtaine de pompiers de la caserne du Blosne ont organis\u00e9 une apr\u00e8s-midi pour leurs petits voisins\u2026 Les enfants de l\u2019h\u00f4pital sud. Au programme, des d\u00e9monstrations et des rencontres pour les faire r\u00eaver le temps d\u2019un apr\u00e8s-midi : petit tour en nacelle, installation dans la cabine d\u2019un camion fourgon-pompe tonnes, usage de la lance \u00e0 incendie. Et m\u00eame une descente en rappel pour les pompiers du groupe de secours en milieu p\u00e9rilleux pour frapper aux fen\u00eatres des enfants hospitalis\u00e9s en chambre st\u00e9riles.<\/p>\n<p><img decoding=\"async\" src=\"https:\/\/www.europesays.com\/fr\/wp-content\/uploads\/2025\/09\/68dbfaf0ed8b4f527e0a6d10.1.jpeg\" width=\"480\" height=\"300\" class=\"web_golden_m\" loading=\"lazy\" alt=\"Les enfants hospitalis\u00e9s regardent les pompiers descendre en rappel pour frapper aux fen\u00eatres des enfants hospitalis\u00e9s dans des chambres st\u00e9riles.\"\/>Les enfants hospitalis\u00e9s regardent les pompiers descendre en rappel pour frapper aux fen\u00eatres des enfants hospitalis\u00e9s dans des chambres st\u00e9riles. (Le T\u00e9l\u00e9gramme\/Claire Staes)<\/p>\n<p>\u00ab C\u2019est trop bien ! Je n\u2019ai m\u00eame pas eu peur. Maman, filme-moi ! \u00bb A la descente de la nacelle, la joie de la petite Mia, 7 ans, se lit sur son visage. Elle est mont\u00e9e \u00e0 5 m de hauteur avec le bras \u00e9l\u00e9vateur sous les yeux amus\u00e9s de sa m\u00e8re, Claire. \u00ab Les journ\u00e9es sont longues \u00e0 ici\u2026 explique la maman. Cette animation nous fait oublier pendant quelques heures l\u2019h\u00f4pital. C\u2019est chouette. \u00bb M\u00eame son de cloche pour le papa d\u2019Anastasia. \u00ab J\u2019ai arr\u00eat\u00e9 de travailler pour accompagner notre deuxi\u00e8me fille. Elle est hospitalis\u00e9e depuis deux semaines et on va encore rester au moins une semaine. C\u2019est long, tr\u00e8s long. La t\u00e9l\u00e9vision, on en peut plus. \u00bb<\/p>\n<p>\u00c9merveillement<\/p>\n<p>Alexandre, Nicolas et Sylvain, trois pompiers du groupe de secours en milieu p\u00e9rilleux, sont descendus en rappel pour faire un coucou aux enfants qui ne peuvent pas quitter leur chambre. \u00ab Une petite fille de 4 ans m\u2019a montr\u00e9 ses dessins \u00e0 travers la fen\u00eatre, c\u2019\u00e9tait tr\u00e8s mignon \u00bb, t\u00e9moigne Alexandre.<\/p>\n<p>\u00ab On re\u00e7oit souvent des enfants \u00e0 la caserne, on voit leur \u00e9merveillement \u00bb, ajoute Benjamin Plantis, cheville ouvri\u00e8re de la journ\u00e9e. \u00ab On en transporte aussi souvent \u00e0 l\u2019h\u00f4pital. Voil\u00e0 comment l\u2019id\u00e9e d\u2019aller \u00e0 leur rencontre dans une ambiance l\u00e9g\u00e8re est n\u00e9e. \u00bb<\/p>\n<p>Un \u00e9cusson a \u00e9t\u00e9 fabriqu\u00e9 pour l\u2019occasion. Imprim\u00e9 \u00e0 une centaine d\u2019exemplaires, il a \u00e9t\u00e9 distribu\u00e9 aux enfants. Aux petits patients hospitalis\u00e9s en oncologie h\u00e9matologie, un \u00e9cusson pr\u00e9alablement lav\u00e9 \u00e0 60 degr\u00e9s pour tuer les microbes a \u00e9t\u00e9 donn\u00e9. \u00ab Quand l\u2019h\u00f4pital sud rejoindra le site de Pontchaillou \u00bb, explique Benjamin Plantis. \u00ab On essaiera que la journ\u00e9e perdure peut-\u00eatre prise en charge par nos coll\u00e8gues de beauregard. \u00bb<\/p>\n","protected":false},"excerpt":{"rendered":"Du soleil et des sourires. Ce mardi apr\u00e8s-midi, une vingtaine de pompiers de la caserne du Blosne ont&hellip;\n","protected":false},"author":2,"featured_media":429180,"comment_status":"","ping_status":"","sticky":false,"template":"","format":"standard","meta":{"footnotes":""},"categories":[2821],"tags":[1111,11,829,765,1777,674,1011,27,12,50972,584,25],"class_list":{"0":"post-429179","1":"post","2":"type-post","3":"status-publish","4":"format-standard","5":"has-post-thumbnail","7":"category-rennes","8":"tag-actu","9":"tag-actualites","10":"tag-bretagne","11":"tag-en-continu","12":"tag-eu","13":"tag-europe","14":"tag-fr","15":"tag-france","16":"tag-news","17":"tag-newsletter-la-rennes-quotidienne","18":"tag-rennes","19":"tag-republique-francaise"},"share_on_mastodon":{"url":"https:\/\/pubeurope.com\/@fr\/115294530090931851","error":""},"_links":{"self":[{"href":"https:\/\/www.europesays.com\/fr\/wp-json\/wp\/v2\/posts\/429179","targetHints":{"allow":["GET"]}}],"collection":[{"href":"https:\/\/www.europesays.com\/fr\/wp-json\/wp\/v2\/posts"}],"about":[{"href":"https:\/\/www.europesays.com\/fr\/wp-json\/wp\/v2\/types\/post"}],"author":[{"embeddable":true,"href":"https:\/\/www.europesays.com\/fr\/wp-json\/wp\/v2\/users\/2"}],"replies":[{"embeddable":true,"href":"https:\/\/www.europesays.com\/fr\/wp-json\/wp\/v2\/comments?post=429179"}],"version-history":[{"count":0,"href":"https:\/\/www.europesays.com\/fr\/wp-json\/wp\/v2\/posts\/429179\/revisions"}],"wp:featuredmedia":[{"embeddable":true,"href":"https:\/\/www.europesays.com\/fr\/wp-json\/wp\/v2\/media\/429180"}],"wp:attachment":[{"href":"https:\/\/www.europesays.com\/fr\/wp-json\/wp\/v2\/media?parent=429179"}],"wp:term":[{"taxonomy":"category","embeddable":true,"href":"https:\/\/www.europesays.com\/fr\/wp-json\/wp\/v2\/categories?post=429179"},{"taxonomy":"post_tag","embeddable":true,"href":"https:\/\/www.europesays.com\/fr\/wp-json\/wp\/v2\/tags?post=429179"}],"curies":[{"name":"wp","href":"https:\/\/api.w.org\/{rel}","templated":true}]}}