{"id":429185,"date":"2025-09-30T17:56:22","date_gmt":"2025-09-30T17:56:22","guid":{"rendered":"https:\/\/www.europesays.com\/fr\/429185\/"},"modified":"2025-09-30T17:56:22","modified_gmt":"2025-09-30T17:56:22","slug":"strasbourg-a-musica-un-concert-inedit-de-cors-alpins-de-bon-matin","status":"publish","type":"post","link":"https:\/\/www.europesays.com\/fr\/429185\/","title":{"rendered":"Strasbourg. \u00c0 Musica,\u00a0un\u00a0concert in\u00e9dit de cors alpins de bon matin"},"content":{"rendered":"<p>Sous un ciel nuageux, dans la fra\u00eecheur du matin, on s\u2019installe sur des transats ou des chaises. Un caf\u00e9 est propos\u00e9 sur la terrasse panoramique du barrage Vauban, \u00e0 Strasbourg. C\u2019est la sc\u00e8ne du nouveau format de concert propos\u00e9 Musica, ce mardi \u00e0 8\u00a0h\u00a030. D\u2019autres concerts matinaux ont eu lieu dans les \u00e9glises Saint-Paul et Saint-Pierre-le-Jeune protestante<\/p>\n<p>Des sons s\u2019\u00e9l\u00e8vent mais on ne distingue pas encore les musiciens Christian Pruvost, trompettiste, et Patrick&#8230;<\/p>\n","protected":false},"excerpt":{"rendered":"Sous un ciel nuageux, dans la fra\u00eecheur du matin, on s\u2019installe sur des transats ou des chaises. Un&hellip;\n","protected":false},"author":2,"featured_media":429186,"comment_status":"","ping_status":"","sticky":false,"template":"","format":"standard","meta":{"footnotes":""},"categories":[2820],"tags":[1111,11,2389,1687,2880,1777,674,107,1011,27,775,12,25,640,2879],"class_list":{"0":"post-429185","1":"post","2":"type-post","3":"status-publish","4":"format-standard","5":"has-post-thumbnail","7":"category-strasbourg","8":"tag-actu","9":"tag-actualites","10":"tag-alsace","11":"tag-culture-loisirs","12":"tag-edition-strasbourg","13":"tag-eu","14":"tag-europe","15":"tag-fil-info","16":"tag-fr","17":"tag-france","18":"tag-grand-est","19":"tag-news","20":"tag-republique-francaise","21":"tag-strasbourg","22":"tag-strasbourg-ville"},"share_on_mastodon":{"url":"https:\/\/pubeurope.com\/@fr\/115294541399591637","error":""},"_links":{"self":[{"href":"https:\/\/www.europesays.com\/fr\/wp-json\/wp\/v2\/posts\/429185","targetHints":{"allow":["GET"]}}],"collection":[{"href":"https:\/\/www.europesays.com\/fr\/wp-json\/wp\/v2\/posts"}],"about":[{"href":"https:\/\/www.europesays.com\/fr\/wp-json\/wp\/v2\/types\/post"}],"author":[{"embeddable":true,"href":"https:\/\/www.europesays.com\/fr\/wp-json\/wp\/v2\/users\/2"}],"replies":[{"embeddable":true,"href":"https:\/\/www.europesays.com\/fr\/wp-json\/wp\/v2\/comments?post=429185"}],"version-history":[{"count":0,"href":"https:\/\/www.europesays.com\/fr\/wp-json\/wp\/v2\/posts\/429185\/revisions"}],"wp:featuredmedia":[{"embeddable":true,"href":"https:\/\/www.europesays.com\/fr\/wp-json\/wp\/v2\/media\/429186"}],"wp:attachment":[{"href":"https:\/\/www.europesays.com\/fr\/wp-json\/wp\/v2\/media?parent=429185"}],"wp:term":[{"taxonomy":"category","embeddable":true,"href":"https:\/\/www.europesays.com\/fr\/wp-json\/wp\/v2\/categories?post=429185"},{"taxonomy":"post_tag","embeddable":true,"href":"https:\/\/www.europesays.com\/fr\/wp-json\/wp\/v2\/tags?post=429185"}],"curies":[{"name":"wp","href":"https:\/\/api.w.org\/{rel}","templated":true}]}}