{"id":429195,"date":"2025-09-30T18:02:11","date_gmt":"2025-09-30T18:02:11","guid":{"rendered":"https:\/\/www.europesays.com\/fr\/429195\/"},"modified":"2025-09-30T18:02:11","modified_gmt":"2025-09-30T18:02:11","slug":"un-an-apres-avoir-ete-erigee-en-priorite-le-rendez-vous-manque-de-la-sante-mentale","status":"publish","type":"post","link":"https:\/\/www.europesays.com\/fr\/429195\/","title":{"rendered":"Un an apr\u00e8s avoir \u00e9t\u00e9 \u00e9rig\u00e9e en priorit\u00e9, le rendez-vous manqu\u00e9 de la sant\u00e9 mentale"},"content":{"rendered":"<p>\u00ab\u00a0Parfois, la parole politique devrait \u00eatre un peu moins ambitieuse, et peut-\u00eatre plus concr\u00e8te\u00a0\u00bb, explique S\u00e9bastien Saint-Pasteur, d\u00e9put\u00e9 PS de Gironde, rapporteur de la commission parlementaire sur les d\u00e9faillances des politiques publiques dans la prise en charge de la sant\u00e9 mentale et du handicap, une commission pr\u00e9sid\u00e9e par la d\u00e9put\u00e9e Renaissance du Maine-et-Loire Nicole Dubr\u00e9-Chirat. Il y a quelques jours, partout en France, plusieurs de ses membres ont r\u00e9alis\u00e9 des visites de terrain pour mesurer l\u2019\u00e9cart entre les intentions affich\u00e9es et le r\u00e9el.<\/p>\n<blockquote><p>\u00ab\u00a0Les prises en charge sont tr\u00e8s complexes, la r\u00e9sultante d\u2019un manque de moyens mais aussi d\u2019un manque de pilotage des politiques\u00a0\u00bb<\/p><\/blockquote>\n<p>L\u2019an dernier, Michel Barnier, alors Premier ministre, avait fait de la sant\u00e9 mentale une Grande Cause nationale. La commission devra rendre ses conclusions d&rsquo;ici \u00e0 la fin 2025. Avant m\u00eame cette \u00e9ch\u00e9ance, ce constat est l\u00e0\u00a0: <a href=\"https:\/\/www.sudouest.fr\/sante\/sante-mentale-a-bordeaux-en-2020-on-ordonnait-environ-une-hospitalisation-d-office-par-semaine-aujourd-hui-c-est-presque-tous-les-jours-23243523.php\" target=\"_blank\" rel=\"follow nofollow noopener\">\u00ab\u00a0Le compte n\u2019y est pas, estime le d\u00e9put\u00e9. Les prises en charge sont tr\u00e8s complexes, la r\u00e9sultante d\u2019un manque de moyens mais aussi d\u2019un manque de pilotage des politiques.<\/a> Le handicap et la sant\u00e9 mentale souffrent des m\u00eames maux, c\u2019est pourtant un sujet majeur pour les Fran\u00e7ais.\u00a0\u00bb<\/p>\n<p>Une personne sur quatre va souffrir d\u2019un trouble mental \u00e0 un moment de sa vie. Un salari\u00e9 sur quatre se dit en mauvaise sant\u00e9 mentale. Les handicaps, visibles ou invisibles, touchent 6\u00a0millions de familles.<\/p>\n<p>Au culot<\/p>\n<p>\u00c0 l\u2019institut m\u00e9dico-\u00e9ducatif (IME) pour jeunes autistes de Gradignan\u00a0(33), une m\u00e8re de famille explique comment elle a obtenu la prise en charge de sa fille\u00a0: <a href=\"https:\/\/www.sudouest.fr\/sante\/sante-mentale-inside-un-autre-regard-sur-la-sante-mentale-le-nouveau-magazine-du-centre-hospitalier-charles-perrens-24072376.php\" target=\"_blank\" rel=\"follow nofollow noopener\">\u00ab\u00a0Un parcours du combattant\u00a0: je l\u2019ai obtenue au culot, livre-t-elle au parlementaire. La ministre de la Sant\u00e9 \u00e9tait en visite \u00e0 Bordeaux, je lui ai barr\u00e9 la route et expliqu\u00e9 ma situation. Elle s\u2019est engag\u00e9e \u00e0 traiter notre cas.<\/a> Quelques jours plus tard, j\u2019avais une place. J\u2019en suis soulag\u00e9e mais ce n\u2019est pas normal.\u00a0\u00bb <\/p>\n<p>Une autre m\u00e8re reconna\u00eet ne pas avoir eu besoin d\u2019en arriver \u00e0 cette extr\u00e9mit\u00e9\u00a0: \u00ab\u00a0J\u2019ai eu de la chance, mais \u00e7a n\u2019a pas \u00e9t\u00e9 simple.\u00a0\u00bb L\u2019une et l\u2019autre identifient d\u00e9j\u00e0 le point noir des ann\u00e9es \u00e0 venir\u00a0: la prise en charge pour leur enfant une fois qu\u2019il sera devenu adulte. En attendant, l\u2019IME peine lui aussi \u00e0 recruter\u00a0: il recherche un psychiatre et un m\u00e9decin g\u00e9n\u00e9raliste.<\/p>\n<p>Plus cher<\/p>\n<p>Ce qui ram\u00e8ne \u00e0 un autre sujet-cl\u00e9\u00a0: le manque de moyens. <a href=\"https:\/\/www.sudouest.fr\/politique\/sebastien-lecornu\/budget-sebastien-lecornu-proposera-que-certains-impots-diminuent-en-faveur-du-travail-26135585.php\" rel=\"nofollow noopener\" target=\"_blank\">\u00ab\u00a0Nous sommes bien conscients de l\u2019\u00e9tat de nos finances publiques,<\/a> mais il y a des mesures qui peuvent \u00eatre appliqu\u00e9es \u00e0 moyens constants\u00a0\u00bb, explique S\u00e9bastien Saint-Pasteur. Ce qu\u2019il appelle les \u00ab\u00a0co\u00fbts \u00e9vit\u00e9s\u00a0\u00bb. <\/p>\n<p>Dans son viseur, les CNR, soit les cr\u00e9dits non reconductibles allou\u00e9s chaque ann\u00e9e par les agences r\u00e9gionales de sant\u00e9\u00a0: \u00ab\u00a0Le paradoxe, c\u2019est qu\u2019ils sont reconduits chaque ann\u00e9e, cela prive les diff\u00e9rentes institutions de visibilit\u00e9 et les contraint \u00e0 recruter en CDD, en int\u00e9rim. Cela place les \u00e9tablissements, comme les employ\u00e9s, dans une situation impossible\u00a0: aucune inscription dans la dur\u00e9e pour des m\u00e9tiers qui n\u00e9cessitent des formations. Et au final, cela co\u00fbte 20\u00a0% plus cher\u2026\u00a0\u00bb<\/p>\n<p>Neuf\u00a0heures aux urgences<\/p>\n<p>Autre source d\u2019am\u00e9lioration, <a href=\"https:\/\/www.sudouest.fr\/sante\/sante-mentale-un-fleau-sanitaire-qui-se-cogne-au-manque-de-moyens-26063148.php\" rel=\"nofollow noopener\" target=\"_blank\">\u00ab\u00a0un choc de pr\u00e9vention\u00a0\u00bb.<\/a> Illustration avec le num\u00e9ro d\u2019appel 31\u00a014, plateforme de pr\u00e9vention du suicide install\u00e9e \u00e0 l\u2019h\u00f4pital Charles-Perrens, \u00e0 Bordeaux, et ses 7\u00a0000\u00a0appels trait\u00e9s en\u00a02024\u00a0: \u00ab\u00a0200\u00a0000\u00a0tentatives de suicide en France, 74\u00a0000\u00a0passages aux urgences, pour 9\u00a0200\u00a0d\u00e9c\u00e8s. Co\u00fbt total\u00a0: 24\u00a0milliards d\u2019euros\u00a0\u00bb, d\u00e9taille le docteur Chantal Bergey, cheffe d\u2019un p\u00f4le de psychiatrie d\u2019urgence au centre hospitalier. <\/p>\n<p>Apr\u00e8s les co\u00fbts \u00e9vit\u00e9s, les co\u00fbts \u00e9vitables\u00a0: \u00ab\u00a0Des dispositifs comme celui-l\u00e0 permettent d\u2019agir sur le volet pr\u00e9vention, qui est fondamental, et \u00e9viter l\u2019hospitalisation. Cela permet, en bout de cha\u00eene, de soulager des urgences psychiatriques sous tr\u00e8s fortes tensions\u00a0\u00bb, constate le d\u00e9put\u00e9. La psychiatre illustre le propos\u00a0: \u00ab\u00a0On assiste \u00e0 une explosion des recours aux urgences depuis 2020. Nous avons eu une journ\u00e9e noire le jour o\u00f9 le gouvernement de Michel Barnier a \u00e9t\u00e9 censur\u00e9. Une journ\u00e9e et une nuit en enfer\u00a0: 50 passages dans la journ\u00e9e, on avait encore 19\u00a0patients \u00e0 18\u00a0heures. Dans la salle d\u2019attente, on indiquait neuf heures d\u2018attente pour voir un psychiatre. Les gens sont rest\u00e9s.\u00a0\u00bb<\/p>\n<blockquote><p>Il faudrait \u00ab\u00a0une\u00a0approche m\u00e9dico-\u00e9conomique au lieu d\u2019une gestion purement comptable\u00a0\u00bb<\/p><\/blockquote>\n<p>Au terme d\u2019une matin\u00e9e d\u2019\u00e9changes, S\u00e9bastien Saint-Pasteur constate\u00a0: \u00ab\u00a0Je mesurais peut-\u00eatre insuffisamment l\u2019incroyable mobilisation des professionnels, leur capacit\u00e9 \u00e0 se r\u00e9inventer. La sant\u00e9 mentale a \u00e9t\u00e9 \u00e9rig\u00e9e en priorit\u00e9 il y a un an, mais nous ne sommes pas au rendez-vous.\u00a0\u00bb Des pistes se d\u00e9gagent\u00a0: travailler sur la pr\u00e9vention, et la n\u00e9cessit\u00e9 d\u2019allouer des moyens ad\u00e9quats, mais aussi d\u2019\u00e9valuer les dispositifs. \u00ab\u00a0Cela n\u00e9cessite un changement d\u2019approche. Mettre de l\u2019argent aujourd\u2019hui peut \u00e9viter des d\u00e9penses \u00e0 moyen terme. Il faut une approche m\u00e9dico-\u00e9conomique au lieu d\u2019une gestion purement comptable. C\u2019est un sujet sur lequel on peut trouver un consensus \u00e0 l\u2019Assembl\u00e9e\u00a0\u00bb, assure le d\u00e9put\u00e9.<\/p>\n","protected":false},"excerpt":{"rendered":"\u00ab\u00a0Parfois, la parole politique devrait \u00eatre un peu moins ambitieuse, et peut-\u00eatre plus concr\u00e8te\u00a0\u00bb, explique S\u00e9bastien Saint-Pasteur, d\u00e9put\u00e9&hellip;\n","protected":false},"author":2,"featured_media":429196,"comment_status":"","ping_status":"","sticky":false,"template":"","format":"standard","meta":{"footnotes":""},"categories":[2817],"tags":[1111,11,1997,1777,674,1011,27,12,2219,25],"class_list":{"0":"post-429195","1":"post","2":"type-post","3":"status-publish","4":"format-standard","5":"has-post-thumbnail","7":"category-bordeaux","8":"tag-actu","9":"tag-actualites","10":"tag-bordeaux","11":"tag-eu","12":"tag-europe","13":"tag-fr","14":"tag-france","15":"tag-news","16":"tag-nouvelle-aquitaine","17":"tag-republique-francaise"},"share_on_mastodon":{"url":"https:\/\/pubeurope.com\/@fr\/115294564858868086","error":""},"_links":{"self":[{"href":"https:\/\/www.europesays.com\/fr\/wp-json\/wp\/v2\/posts\/429195","targetHints":{"allow":["GET"]}}],"collection":[{"href":"https:\/\/www.europesays.com\/fr\/wp-json\/wp\/v2\/posts"}],"about":[{"href":"https:\/\/www.europesays.com\/fr\/wp-json\/wp\/v2\/types\/post"}],"author":[{"embeddable":true,"href":"https:\/\/www.europesays.com\/fr\/wp-json\/wp\/v2\/users\/2"}],"replies":[{"embeddable":true,"href":"https:\/\/www.europesays.com\/fr\/wp-json\/wp\/v2\/comments?post=429195"}],"version-history":[{"count":0,"href":"https:\/\/www.europesays.com\/fr\/wp-json\/wp\/v2\/posts\/429195\/revisions"}],"wp:featuredmedia":[{"embeddable":true,"href":"https:\/\/www.europesays.com\/fr\/wp-json\/wp\/v2\/media\/429196"}],"wp:attachment":[{"href":"https:\/\/www.europesays.com\/fr\/wp-json\/wp\/v2\/media?parent=429195"}],"wp:term":[{"taxonomy":"category","embeddable":true,"href":"https:\/\/www.europesays.com\/fr\/wp-json\/wp\/v2\/categories?post=429195"},{"taxonomy":"post_tag","embeddable":true,"href":"https:\/\/www.europesays.com\/fr\/wp-json\/wp\/v2\/tags?post=429195"}],"curies":[{"name":"wp","href":"https:\/\/api.w.org\/{rel}","templated":true}]}}