{"id":429197,"date":"2025-09-30T18:03:15","date_gmt":"2025-09-30T18:03:15","guid":{"rendered":"https:\/\/www.europesays.com\/fr\/429197\/"},"modified":"2025-09-30T18:03:15","modified_gmt":"2025-09-30T18:03:15","slug":"larkea-arena-en-route-vers-une-nouvelle-saison-record","status":"publish","type":"post","link":"https:\/\/www.europesays.com\/fr\/429197\/","title":{"rendered":"l\u2019Ark\u00e9a Arena en route vers une nouvelle saison \u00ab\u00a0record\u00a0\u00bb"},"content":{"rendered":"<p>Longtemps, et m\u00eame dans ces colonnes, on l\u2019a appel\u00e9e \u00ab\u00a0l\u2019Arena\u00a0\u00bb en oubliant son \u00e9pith\u00e8te commerciale, sans trop savoir si c\u2019\u00e9tait par snobisme ou juste pour marquer le changement d\u2019\u00e9chelle avec feu \u00ab\u00a0la patinoire\u00a0\u00bb. Aujourd\u2019hui, il n\u2019est pas rare de dire \u00ab\u00a0l\u2019Ark\u00e9a\u00a0\u00bb, symbole d\u2019un \u00ab\u00a0naming\u00a0\u00bb r\u00e9ussi ou quand une entreprise qui baptise un lieu public y trouve son compte en termes de notori\u00e9t\u00e9 et d\u2019image positive \u2013 <a href=\"https:\/\/www.sudouest.fr\/gironde\/bordeaux\/stade-atlantique-la-metropole-lance-un-appel-a-manifestation-pour-un-nouveau-naming-25949119.php\" rel=\"nofollow noopener\" target=\"_blank\">toute comparaison avec un certain stade n\u2019\u00e9tant pas tout \u00e0 fait fortuite<\/a>. Ce n\u2019est pas le moindre \u00ab\u00a0succ\u00e8s\u00a0\u00bb de la salle de spectacle qui f\u00eate bient\u00f4t ses huit ans. Elle lan\u00e7ait sa nouvelle saison il y a quelques jours devant ses partenaires \u00e9conomiques et culturels, r\u00e9unis dans ce grand galet qui tr\u00f4ne d\u00e9sormais au d\u00e9bouch\u00e9 du pont Simone-Veil, enfin livr\u00e9 il y a un peu plus d\u2019un an\u00a0: un d\u00e9cor d\u00e9sormais complet, tout un symbole.<\/p>\n<p>        <img decoding=\"async\" id=\"22475962\" src=\"https:\/\/www.europesays.com\/fr\/wp-content\/uploads\/2025\/09\/sudouest-photo-1-32716098.jpg\" alt=\"En mai 2023, lors du concert d\u2019Aya Nakamura.\" itemprop=\"contentURL\"\/><\/p>\n<p>    En mai 2023, lors du concert d\u2019Aya Nakamura.<\/p>\n<p>Archives Thierry DAVID\u00a0\/\u00a0SO<\/p>\n<p>L\u2019Ark\u00e9a Arena, ainsi \u00ab\u00a0nam\u00e9e\u00a0\u00bb depuis le 3\u00a0octobre 2018 et jusqu\u2019en 2028, se porte bien. La salle, dans le giron de Lagard\u00e8re Live Entertainment (groupe Bollor\u00e9), a atteint son millioni\u00e8me spectateur en novembre 2021 et son deux millioni\u00e8me en janvier\u00a02024, et passe d\u00e9sormais pour la \u00ab\u00a0premi\u00e8re salle de province\u00a0\u00bb en termes de fr\u00e9quentation, salue son directeur David Moison. Pas moins de 125\u00a0spectacles ont \u00e9t\u00e9 programm\u00e9s la saison derni\u00e8re, \u00ab\u00a0un record\u00a0\u00bb. <a href=\"https:\/\/www.sudouest.fr\/culture\/musique\/plus-de-500-000-spectateurs-en-2024-l-arkea-arena-de-bordeaux-floirac-plus-que-jamais-en-haut-de-l-affiche-23942670.php\" rel=\"nofollow noopener\" target=\"_blank\">Comme les 582\u00a0629\u00a0spectateurs de l\u2019ann\u00e9e 2024.<\/a><\/p>\n<p>Gims, Indochine, MMA, etc.<\/p>\n<p>Cette saison 2024-2025 aura encore vu passer ici \u00ab\u00a0les plus grandes tourn\u00e9es \u00e9v\u00e9nementielles\u00a0\u00bb, le Cirque du soleil (18\u00a0500\u00a0spectateurs en 2024), Pixies, Lenny Kravitz, <a href=\"https:\/\/www.sudouest.fr\/culture\/programmes-tv\/videos-les-sept-concerts-des-enfoires-a-bordeaux-diffuses-en-une-soiree-sur-tf1-18710181.php\" rel=\"nofollow noopener\" target=\"_blank\">sans parler des Enfoir\u00e9s venus pour la seconde fois<\/a> (110\u00a0000\u00a0spectateurs au total), \u00ab\u00a0Starmania\u00a0\u00bb (12\u00a0soirs\u00a0!) ou Indochine. Et Bruel, Shaka Ponk\u2026 Gros programme aussi pour 2025-2026, avec 130\u00a0dates d\u2019octobre \u00e0 juin, dont 20\u00a0concerts en trente jours entre novembre et d\u00e9cembre ; quatre fois Gims (17-20\u00a0novembre), deux fois Soprano (21-22\u00a0novembre) et le retour d\u2019Indochine du 3 au 6\u00a0d\u00e9cembre.<\/p>\n<p>Le reste rassemble toute la bande-son du moment, forc\u00e9ment \u00e9clectique (et assez fran\u00e7aise)\u00a0: de Doroth\u00e9e (avril) \u00e0 Orelsan (janvier), de Florent Pagny (cinq soir\u00e9es en mars) \u00e0 Gojira (d\u00e9cembre 2025), de Ben Mazu\u00e9 (mars) \u00e0 Irish Celtic (mars), de Messmer (avril) \u00e0 Feu\u00a0! Chatterton (d\u00e9cembre 2026). Et (entre beaucoup d\u2019autres) Ga\u00ebtan Roussel, Charlotte Cardin, Santa, Vanessa Paradis, Paul Mirabel, Clara Lucciani, Kendji, Lara Fabian, M\u2026<\/p>\n<p>Soir\u00e9es priv\u00e9es<\/p>\n<p>On verra aussi des \u00ab\u00a0tribute\u00a0\u00bb, ces concerts-hommages (Queen, Jackson, Balavoine, Goldman, Abba, etc.), la com\u00e9die musicale \u00ab\u00a0Le Roi Soleil\u00a0\u00bb et m\u00eame le fameux gala Hexagone MMA. Fa\u00e7on de rappeler que la salle \u00e0 tout faire peut s\u2019am\u00e9nager en une vingtaine de configurations\u00a0: <a href=\"https:\/\/www.sudouest.fr\/sport\/tennis\/a-bordeaux-la-folie-du-padel-va-embraser-la-patinoire-de-meriadeck-24635858.php\" rel=\"nofollow noopener\" target=\"_blank\">jusqu\u2019\u00e0 accueillir un tournoi de padel<\/a>\u2026 et beaucoup d\u2019\u00e9v\u00e9nements priv\u00e9s, autre usage de l\u2019Ark\u00e9a Arena. Kedge, NoSchool, Medef ou World Impact Summit\u00a0: la salle a \u00e9t\u00e9 lou\u00e9e une trentaine de soirs pour des soir\u00e9es accueillant un total de 60\u00a0930\u00a0personnes (60\u00a0% des \u00e9v\u00e9nements avec moins de 500\u00a0personnes).<\/p>\n<p>Sinon, c\u2019est une offre compl\u00e8te d\u2019\u00a0\u00ab\u00a0exp\u00e9riences\u00a0\u00bb et de \u00ab\u00a0parcours spectateurs\u00a0\u00bb, ou une offre de restauration et de boissons internalis\u00e9e. Qui permet \u00ab\u00a0le pari de la fra\u00eecheur\u00a0\u00bb et un univers toujours moins standardis\u00e9.<\/p>\n<p>Programme complet sur <a href=\"https:\/\/www.arkeaarena.com\/\" target=\"_blank\" rel=\"nofollow noopener\">arkeaarena.com.<\/a><\/p>\n","protected":false},"excerpt":{"rendered":"Longtemps, et m\u00eame dans ces colonnes, on l\u2019a appel\u00e9e \u00ab\u00a0l\u2019Arena\u00a0\u00bb en oubliant son \u00e9pith\u00e8te commerciale, sans trop savoir&hellip;\n","protected":false},"author":2,"featured_media":429198,"comment_status":"","ping_status":"","sticky":false,"template":"","format":"standard","meta":{"footnotes":""},"categories":[2817],"tags":[1111,11,1997,1777,674,1011,27,12,2219,25],"class_list":{"0":"post-429197","1":"post","2":"type-post","3":"status-publish","4":"format-standard","5":"has-post-thumbnail","7":"category-bordeaux","8":"tag-actu","9":"tag-actualites","10":"tag-bordeaux","11":"tag-eu","12":"tag-europe","13":"tag-fr","14":"tag-france","15":"tag-news","16":"tag-nouvelle-aquitaine","17":"tag-republique-francaise"},"share_on_mastodon":{"url":"https:\/\/pubeurope.com\/@fr\/115294569019819106","error":""},"_links":{"self":[{"href":"https:\/\/www.europesays.com\/fr\/wp-json\/wp\/v2\/posts\/429197","targetHints":{"allow":["GET"]}}],"collection":[{"href":"https:\/\/www.europesays.com\/fr\/wp-json\/wp\/v2\/posts"}],"about":[{"href":"https:\/\/www.europesays.com\/fr\/wp-json\/wp\/v2\/types\/post"}],"author":[{"embeddable":true,"href":"https:\/\/www.europesays.com\/fr\/wp-json\/wp\/v2\/users\/2"}],"replies":[{"embeddable":true,"href":"https:\/\/www.europesays.com\/fr\/wp-json\/wp\/v2\/comments?post=429197"}],"version-history":[{"count":0,"href":"https:\/\/www.europesays.com\/fr\/wp-json\/wp\/v2\/posts\/429197\/revisions"}],"wp:featuredmedia":[{"embeddable":true,"href":"https:\/\/www.europesays.com\/fr\/wp-json\/wp\/v2\/media\/429198"}],"wp:attachment":[{"href":"https:\/\/www.europesays.com\/fr\/wp-json\/wp\/v2\/media?parent=429197"}],"wp:term":[{"taxonomy":"category","embeddable":true,"href":"https:\/\/www.europesays.com\/fr\/wp-json\/wp\/v2\/categories?post=429197"},{"taxonomy":"post_tag","embeddable":true,"href":"https:\/\/www.europesays.com\/fr\/wp-json\/wp\/v2\/tags?post=429197"}],"curies":[{"name":"wp","href":"https:\/\/api.w.org\/{rel}","templated":true}]}}