{"id":429206,"date":"2025-09-30T18:08:12","date_gmt":"2025-09-30T18:08:12","guid":{"rendered":"https:\/\/www.europesays.com\/fr\/429206\/"},"modified":"2025-09-30T18:08:12","modified_gmt":"2025-09-30T18:08:12","slug":"cortege-situation-dans-les-creches-et-ecoles-a-quoi-faut-il-sattendre","status":"publish","type":"post","link":"https:\/\/www.europesays.com\/fr\/429206\/","title":{"rendered":"cort\u00e8ge, situation dans les cr\u00e8ches et \u00e9coles&#8230; \u00e0 quoi faut-il s&rsquo;attendre ?"},"content":{"rendered":"<p>Apr\u00e8s<a href=\"https:\/\/www.laprovence.com\/article\/societe\/2738656002584214\/18-septembre-dans-le-cortege-marseillais-la-voila-la-republique-en-marche\" target=\"_blank\" rel=\"noopener\"> deux premi\u00e8res journ\u00e9es de mobilisations \u00ab\u00a0r\u00e9ussies\u00a0\u00bb<\/a>, l\u2019intersyndicale (CGT, FO, CFE-CGC, CFTC, Unsa, FSU, CFDT et Solidaires) appelle \u00e0 un nouveau rendez-vous social, ce jeudi 2\u00a0octobre. Alors que les <a href=\"https:\/\/www.laprovence.com\/article\/france-monde\/4313675443923114\/matignon-propose-a-lintersyndicale-une-rencontre-avec-lecornu-mercredi-selon-des-sources-syndicales-a-lafp\" target=\"_blank\" rel=\"noopener\">centrales syndicales ont rencontr\u00e9 le Premier ministre<\/a>, la semaine derni\u00e8re, cet appel \u00e0 la gr\u00e8ve et \u00e0 la manifestation doit permettre de redemander \u00ab\u00a0l\u2019abrogation de la <a href=\"https:\/\/www.laprovence.com\/article\/politique\/1849325354843614\/abrogation-de-lage-de-depart-a-64-ans-retour-a-lequilibre-financier-des-2030-les-negociations-sur-la-reforme-des-retraites-debutent\" target=\"_blank\" rel=\"noopener\">r\u00e9forme des retraites<\/a>\u00a0\u00bb et d\u2019exprimer \u00ab\u00a0l\u2019opposition aux budgets d\u2019aust\u00e9rit\u00e9\u00a0\u00bb propos\u00e9s par les derniers gouvernements.<\/p>\n<p>Le cort\u00e8ge partira du Vieux-Port \u00e0 10h30<\/p>\n<p>Comme souvent, les agents de <a href=\"https:\/\/www.laprovence.com\/article\/societe\/26297267126499\/des-centaines-de-manifestants-a-marseille-pour-la-defense-du-service-public\" target=\"_blank\" rel=\"noopener\">la fonction publique<\/a> devraient \u00eatre largement repr\u00e9sent\u00e9s dans le cort\u00e8ge marseillais, qui doit s\u2019\u00e9lancer depuis le Vieux-Port ce jeudi, \u00e0 10 h 30, avant de longer le quai du Port jusqu\u2019au Mucem et de rejoindre la porte d\u2019Aix.<\/p>\n<p>\u00ab\u00a0Nous sommes dans la continuit\u00e9 de ce que les travailleurs ont exprim\u00e9 en septembre. M\u00eame si, dans un contexte difficile pour le pouvoir d\u2019achat des m\u00e9nages, la mobilisation pourrait \u00eatre un peu plus faible ce jeudi. Mais, sur des questions budg\u00e9taires, on \u00e9tait \u00e0 un tr\u00e8s haut niveau de mobilisation le 10 et le 18, livre <a href=\"https:\/\/www.laprovence.com\/article\/societe\/8251786427675\/parole-d-un-enseignant-et-syndicaliste-avant-c-etait-un-metier-qu-on-envisageait-de-faire-toute-sa-vie\" target=\"_blank\" rel=\"noopener\">Virginie Akliouat, cosecr\u00e9taire d\u00e9partementale FSU<\/a>, premi\u00e8re f\u00e9d\u00e9ration de l\u2019enseignemen&#8230;<\/p>\n","protected":false},"excerpt":{"rendered":"Apr\u00e8s deux premi\u00e8res journ\u00e9es de mobilisations \u00ab\u00a0r\u00e9ussies\u00a0\u00bb, l\u2019intersyndicale (CGT, FO, CFE-CGC, CFTC, Unsa, FSU, CFDT et Solidaires) appelle&hellip;\n","protected":false},"author":2,"featured_media":429207,"comment_status":"","ping_status":"","sticky":false,"template":"","format":"standard","meta":{"footnotes":""},"categories":[2814],"tags":[17,1111,11,10238,1446,1777,674,1011,27,6151,151,884,12,7518,882,16,25,1447],"class_list":{"0":"post-429206","1":"post","2":"type-post","3":"status-publish","4":"format-standard","5":"has-post-thumbnail","7":"category-marseille","8":"tag-17","9":"tag-actu","10":"tag-actualites","11":"tag-cortege","12":"tag-dans","13":"tag-eu","14":"tag-europe","15":"tag-fr","16":"tag-france","17":"tag-greve","18":"tag-les","19":"tag-marseille","20":"tag-news","21":"tag-octobre","22":"tag-provence-alpes-cote-dazur","23":"tag-region","24":"tag-republique-francaise","25":"tag-situation"},"share_on_mastodon":{"url":"https:\/\/pubeurope.com\/@fr\/115294588366492801","error":""},"_links":{"self":[{"href":"https:\/\/www.europesays.com\/fr\/wp-json\/wp\/v2\/posts\/429206","targetHints":{"allow":["GET"]}}],"collection":[{"href":"https:\/\/www.europesays.com\/fr\/wp-json\/wp\/v2\/posts"}],"about":[{"href":"https:\/\/www.europesays.com\/fr\/wp-json\/wp\/v2\/types\/post"}],"author":[{"embeddable":true,"href":"https:\/\/www.europesays.com\/fr\/wp-json\/wp\/v2\/users\/2"}],"replies":[{"embeddable":true,"href":"https:\/\/www.europesays.com\/fr\/wp-json\/wp\/v2\/comments?post=429206"}],"version-history":[{"count":0,"href":"https:\/\/www.europesays.com\/fr\/wp-json\/wp\/v2\/posts\/429206\/revisions"}],"wp:featuredmedia":[{"embeddable":true,"href":"https:\/\/www.europesays.com\/fr\/wp-json\/wp\/v2\/media\/429207"}],"wp:attachment":[{"href":"https:\/\/www.europesays.com\/fr\/wp-json\/wp\/v2\/media?parent=429206"}],"wp:term":[{"taxonomy":"category","embeddable":true,"href":"https:\/\/www.europesays.com\/fr\/wp-json\/wp\/v2\/categories?post=429206"},{"taxonomy":"post_tag","embeddable":true,"href":"https:\/\/www.europesays.com\/fr\/wp-json\/wp\/v2\/tags?post=429206"}],"curies":[{"name":"wp","href":"https:\/\/api.w.org\/{rel}","templated":true}]}}