{"id":429208,"date":"2025-09-30T18:09:13","date_gmt":"2025-09-30T18:09:13","guid":{"rendered":"https:\/\/www.europesays.com\/fr\/429208\/"},"modified":"2025-09-30T18:09:13","modified_gmt":"2025-09-30T18:09:13","slug":"un-louis-finson-inedit-au-musee-des-beaux-arts-de-marseille","status":"publish","type":"post","link":"https:\/\/www.europesays.com\/fr\/429208\/","title":{"rendered":"Un Louis Finson in\u00e9dit au mus\u00e9e des Beaux-Arts de Marseille"},"content":{"rendered":"<p>Apr\u00e8s Le Christ et la femme adult\u00e8re, acquis en mai dernier par l\u2019h\u00f4tel d\u2019Agar \u00e0 Cavaillon, c\u2019est au tour du mus\u00e9e des Beaux-Arts de Marseille d\u2019accueillir un Saint S\u00e9bastien de Louis Finson. Actif entre Bruges, Naples et Amsterdam, l\u2019artiste fut l\u2019un des principaux vecteurs de diffusion du clair-obscur caravagesque en Europe du Nord. Cette\u2026<\/p>\n","protected":false},"excerpt":{"rendered":"Apr\u00e8s Le Christ et la femme adult\u00e8re, acquis en mai dernier par l\u2019h\u00f4tel d\u2019Agar \u00e0 Cavaillon, c\u2019est au&hellip;\n","protected":false},"author":2,"featured_media":429209,"comment_status":"","ping_status":"","sticky":false,"template":"","format":"standard","meta":{"footnotes":""},"categories":[2814],"tags":[1111,11,1777,674,1011,27,884,12,2551,882,25],"class_list":{"0":"post-429208","1":"post","2":"type-post","3":"status-publish","4":"format-standard","5":"has-post-thumbnail","7":"category-marseille","8":"tag-actu","9":"tag-actualites","10":"tag-eu","11":"tag-europe","12":"tag-fr","13":"tag-france","14":"tag-marseille","15":"tag-news","16":"tag-patrimoine","17":"tag-provence-alpes-cote-dazur","18":"tag-republique-francaise"},"share_on_mastodon":{"url":"https:\/\/pubeurope.com\/@fr\/115294592525134422","error":""},"_links":{"self":[{"href":"https:\/\/www.europesays.com\/fr\/wp-json\/wp\/v2\/posts\/429208","targetHints":{"allow":["GET"]}}],"collection":[{"href":"https:\/\/www.europesays.com\/fr\/wp-json\/wp\/v2\/posts"}],"about":[{"href":"https:\/\/www.europesays.com\/fr\/wp-json\/wp\/v2\/types\/post"}],"author":[{"embeddable":true,"href":"https:\/\/www.europesays.com\/fr\/wp-json\/wp\/v2\/users\/2"}],"replies":[{"embeddable":true,"href":"https:\/\/www.europesays.com\/fr\/wp-json\/wp\/v2\/comments?post=429208"}],"version-history":[{"count":0,"href":"https:\/\/www.europesays.com\/fr\/wp-json\/wp\/v2\/posts\/429208\/revisions"}],"wp:featuredmedia":[{"embeddable":true,"href":"https:\/\/www.europesays.com\/fr\/wp-json\/wp\/v2\/media\/429209"}],"wp:attachment":[{"href":"https:\/\/www.europesays.com\/fr\/wp-json\/wp\/v2\/media?parent=429208"}],"wp:term":[{"taxonomy":"category","embeddable":true,"href":"https:\/\/www.europesays.com\/fr\/wp-json\/wp\/v2\/categories?post=429208"},{"taxonomy":"post_tag","embeddable":true,"href":"https:\/\/www.europesays.com\/fr\/wp-json\/wp\/v2\/tags?post=429208"}],"curies":[{"name":"wp","href":"https:\/\/api.w.org\/{rel}","templated":true}]}}