{"id":42921,"date":"2025-04-22T02:34:23","date_gmt":"2025-04-22T02:34:23","guid":{"rendered":"https:\/\/www.europesays.com\/fr\/42921\/"},"modified":"2025-04-22T02:34:23","modified_gmt":"2025-04-22T02:34:23","slug":"quest-ce-que-le-haut-commissariat-des-nations-unies-pour-les-refugies-convoite-par-anne-hidalgo","status":"publish","type":"post","link":"https:\/\/www.europesays.com\/fr\/42921\/","title":{"rendered":"Qu&rsquo;est-ce que le Haut-Commissariat des Nations unies pour les r\u00e9fugi\u00e9s, convoit\u00e9 par Anne Hidalgo ?"},"content":{"rendered":"<p>La maire de Paris viserait la t\u00eate du Haut-Commissariat des Nations unies pour les r\u00e9fugi\u00e9s, selon \u00ab\u00a0La Tribune dimanche\u00a0\u00bb et \u00ab\u00a0Le Parisien\u00a0\u00bb.Cette agence des Nations Unies est charg\u00e9e de prot\u00e9ger les r\u00e9fugi\u00e9s, les demandeurs d&rsquo;asile et les personnes d\u00e9plac\u00e9es dans le monde.Un probl\u00e8me de timing pourrait toutefois se poser pour l&rsquo;\u00e9lue.<\/p>\n<p data-module=\"article-paragraph\" class=\"jsx-362436225 Paragraph\">Cap sur l&rsquo;international ? Anne Hidalgo a annonc\u00e9 en novembre dernier qu\u2019<a href=\"https:\/\/www.tf1info.fr\/politique\/elections-municipales-2026-maire-anne-hidalgo-ne-se-representera-pas-a-paris-2336128.html\" target=\"_blank\" rel=\"noopener\">elle ne briguerait pas un troisi\u00e8me mandat \u00e0 la t\u00eate de la mairie de Paris<\/a>. Selon<a href=\"https:\/\/www.latribune.fr\/la-tribune-dimanche\/politique\/apres-la-mairie-de-paris-anne-hidalgo-vise-l-onu-1023198.html\" target=\"_blank\" rel=\"nofollow noopener\"> La Tribune dimanche  (nouvelle fen\u00eatre)<\/a>et <a href=\"https:\/\/www.leparisien.fr\/politique\/cela-coche-beaucoup-de-cases-de-ses-envies-anne-hidalgo-vise-un-poste-de-haut-commissaire-a-lonu-des-2026-20-04-2025-TQZK7FAKWNBHZLP5I3CGDDHK5E.php\" target=\"_blank\" rel=\"nofollow noopener\">Le Parisien (nouvelle fen\u00eatre)<\/a>, la responsable socialiste lorgnerait maintenant le poste de Haut-Commissaire des Nations unies pour les r\u00e9fugi\u00e9s (HCR).<\/p>\n<p data-module=\"article-paragraph\" class=\"jsx-362436225 Paragraph Paragraph__End\">Cette agence des Nations Unies est charg\u00e9e de prot\u00e9ger les demandeurs d&rsquo;asile, les personnes d\u00e9plac\u00e9es et les r\u00e9fugi\u00e9s en leur trouvant des solutions de long terme pour recommencer leur vie. \u00ab\u00a0Notre aide en mati\u00e8re de protection, d&rsquo;abris, de sant\u00e9 et d&rsquo;\u00e9ducation joue un r\u00f4le majeur pour gu\u00e9rir les plaies du pass\u00e9 et pour construire un avenir meilleur\u00a0\u00bb, explique le HCR sur son site. Cette organisation internationale veille notamment \u00e0 l&rsquo;application de la convention de Gen\u00e8ve sur les r\u00e9fugi\u00e9s de 1951 et son protocole de 1967, qui d\u00e9termine les conditions d&rsquo;octroi d&rsquo;une protection internationale aux r\u00e9fugi\u00e9s.<\/p>\n<p data-module=\"article-paragraph\" class=\"jsx-362436225 Paragraph\">Le Bureau du Haut-Commissariat des Nations unies pour les r\u00e9fugi\u00e9s a \u00e9t\u00e9 cr\u00e9\u00e9 le 14 d\u00e9cembre 1950 par l&rsquo;Assembl\u00e9e g\u00e9n\u00e9rale des Nations unies, au lendemain de la Seconde Guerre mondiale, pour aider les millions de personnes qui avaient perdu leur foyer. Il travaille d\u00e9sormais dans 137 pays en apportant une aide en mati\u00e8re de protection, d&rsquo;abris, de sant\u00e9 et d&rsquo;\u00e9ducation.<\/p>\n<p data-module=\"article-paragraph\" class=\"jsx-362436225 Paragraph Paragraph__End\">L&rsquo;actuel Haut-Commissaire du HCR, l&rsquo;Italien Filippo Grandi, occupe ce poste depuis 2016, ayant succ\u00e9d\u00e9 \u00e0 <a href=\"https:\/\/www.tf1info.fr\/international\/onu-le-portugais-antonio-guterres-succede-a-ban-ki-moon-comme-secretaire-general-2006324.html\" target=\"_blank\" rel=\"noopener\">Antonio Guterres<\/a>, devenu secr\u00e9taire g\u00e9n\u00e9ral de l&rsquo;ONU. \u00c9lu pour un premier mandat de cinq ans en 2016, il a \u00e9t\u00e9 r\u00e9\u00e9lu pour un deuxi\u00e8me mandat jusqu&rsquo;au 31 d\u00e9cembre 2025. Onze Hauts Commissaires se sont succ\u00e9d\u00e9s depuis 1950 et seul un Fran\u00e7ais, \u00e9galement suisse, britannique et iranien, a occup\u00e9 ce poste depuis la cr\u00e9ation de cette organisation internationale : Sadruddin Aga Khan, de 1965 \u00e0 1977.<\/p>\n<ul class=\"jsx-658110588 ReadMoreArticle__List flex flex-column\">\n<li class=\"jsx-658110588\"><a href=\"https:\/\/www.tf1info.fr\/politique\/un-maire-du-grand-paris-pourrait-il-un-jour-exister-comme-le-propose-clement-beaune-2365694.html\" rel=\"noopener\" class=\"jsx-4233824444 Link flex\" target=\"_blank\"><img decoding=\"async\" src=\"https:\/\/www.europesays.com\/fr\/wp-content\/uploads\/2025\/04\/clement-beaune-ministre-transports-d39761-1@1x.jpeg\" alt=\"Lire aussi\" loading=\"lazy\" importance=\"low\" fetchpriority=\"low\" class=\"\" copyright=\"AFP\"\/>\n<p class=\"jsx-658110588 ReadMoreArticle__Title\">Lire aussi<\/p>\n<p class=\"jsx-658110588\">\u00ab\u00a0Un maire du Grand Paris\u00a0\u00bb pourrait-il un jour exister, comme le propose Cl\u00e9ment Beaune ?<\/p>\n<p><\/a><\/li>\n<\/ul>\n<p data-module=\"article-paragraph\" class=\"jsx-362436225 Paragraph\">Pour briguer ce poste \u00e0 Gen\u00e8ve, \u00a0Anne Hidalgo devra \u00eatre \u00e9lue par l&rsquo;Assembl\u00e9e g\u00e9n\u00e9rale des Nations unies. Plut\u00f4t critiqu\u00e9e en France et dans la capitale, elle est souvent mise \u00e0 l&rsquo;honneur \u00e0 l&rsquo;\u00e9tranger. En d\u00e9cembre dernier, le Financial Times la pla\u00e7ait dans le classement des 25 femmes les plus influentes de 2024. D&rsquo;apr\u00e8s La Tribune dimanche, le projet de la maire de Paris serait soutenu par le pr\u00e9sident de la r\u00e9publique Emmanuel Macron car l&rsquo;\u00e9lection d&rsquo;Anne Hidalgo au HCR serait une victoire diplomatique pour la France.\u00a0<\/p>\n<p data-module=\"article-paragraph\" class=\"jsx-362436225 Paragraph Paragraph__End\">Reste un probl\u00e8me de timing. Le mandat de l&rsquo;\u00e9dile parisienne court jusqu&rsquo;aux prochaines \u00e9lections municipales, en mars 2026, soit trois mois apr\u00e8s la prise de poste pr\u00e9vue pour le post de Haut-Commissaire de l&rsquo;ONU, le 1er janvier 2026.<\/p>\n<p>Ambre BERTOCCHI<\/p>\n","protected":false},"excerpt":{"rendered":"La maire de Paris viserait la t\u00eate du Haut-Commissariat des Nations unies pour les r\u00e9fugi\u00e9s, selon \u00ab\u00a0La Tribune&hellip;\n","protected":false},"author":2,"featured_media":42922,"comment_status":"","ping_status":"","sticky":false,"template":"","format":"standard","meta":{"footnotes":""},"categories":[1888],"tags":[1111,1928,11,1927,2618,1921,1777,674,1011,27,1922,12,1926,626,1925,25,133,4530],"class_list":{"0":"post-42921","1":"post","2":"type-post","3":"status-publish","4":"format-standard","5":"has-post-thumbnail","7":"category-paris","8":"tag-actu","9":"tag-actu-paris","10":"tag-actualites","11":"tag-actualites-paris","12":"tag-anne-hidalgo","13":"tag-article-video","14":"tag-eu","15":"tag-europe","16":"tag-fr","17":"tag-france","18":"tag-info","19":"tag-news","20":"tag-news-paris","21":"tag-paris","22":"tag-paris-news","23":"tag-republique-francaise","24":"tag-video","25":"tag-video-politique"},"share_on_mastodon":{"url":"https:\/\/pubeurope.com\/@fr\/114379283740193337","error":""},"_links":{"self":[{"href":"https:\/\/www.europesays.com\/fr\/wp-json\/wp\/v2\/posts\/42921","targetHints":{"allow":["GET"]}}],"collection":[{"href":"https:\/\/www.europesays.com\/fr\/wp-json\/wp\/v2\/posts"}],"about":[{"href":"https:\/\/www.europesays.com\/fr\/wp-json\/wp\/v2\/types\/post"}],"author":[{"embeddable":true,"href":"https:\/\/www.europesays.com\/fr\/wp-json\/wp\/v2\/users\/2"}],"replies":[{"embeddable":true,"href":"https:\/\/www.europesays.com\/fr\/wp-json\/wp\/v2\/comments?post=42921"}],"version-history":[{"count":0,"href":"https:\/\/www.europesays.com\/fr\/wp-json\/wp\/v2\/posts\/42921\/revisions"}],"wp:featuredmedia":[{"embeddable":true,"href":"https:\/\/www.europesays.com\/fr\/wp-json\/wp\/v2\/media\/42922"}],"wp:attachment":[{"href":"https:\/\/www.europesays.com\/fr\/wp-json\/wp\/v2\/media?parent=42921"}],"wp:term":[{"taxonomy":"category","embeddable":true,"href":"https:\/\/www.europesays.com\/fr\/wp-json\/wp\/v2\/categories?post=42921"},{"taxonomy":"post_tag","embeddable":true,"href":"https:\/\/www.europesays.com\/fr\/wp-json\/wp\/v2\/tags?post=42921"}],"curies":[{"name":"wp","href":"https:\/\/api.w.org\/{rel}","templated":true}]}}