{"id":429212,"date":"2025-09-30T18:11:14","date_gmt":"2025-09-30T18:11:14","guid":{"rendered":"https:\/\/www.europesays.com\/fr\/429212\/"},"modified":"2025-09-30T18:11:14","modified_gmt":"2025-09-30T18:11:14","slug":"rhone-voici-les-restaurants-de-lyon-dans-le-top-5-de-lapplication-thefork","status":"publish","type":"post","link":"https:\/\/www.europesays.com\/fr\/429212\/","title":{"rendered":"Rh\u00f4ne. Voici les restaurants de Lyon dans le top 5 de l&rsquo;application TheFork"},"content":{"rendered":"<p>Tout au long de l\u2019ann\u00e9e, TheFork sillonne la France pour organiser des \u00ab\u00a0Soir\u00e9es entre chefs\u00a0\u00bb. La derni\u00e8re d\u2019entre elles a eu lieu ce lundi soir \u00e0 Lyon. L\u2019\u00e9quipe de TheFork a \u00e9t\u00e9 accueillie chez <a href=\"https:\/\/www.leprogres.fr\/p\/christian-tetedoie\" target=\"_blank\" rel=\"nofollow noopener\">Christian T\u00eatedoie<\/a>, sur la terrasse \u00e0 la vue incroyable sur la ville\u2026<\/p>\n<p>Pour TheFork, Stanislas Leblanc (directeur des relations ext\u00e9rieures) et Damien Rodi\u00e8re (directeur g\u00e9n\u00e9ral de TheFork Europe de l\u2019Ouest) ont d\u00e9voil\u00e9 les cinq restaurants lyonnais qui arrivent en ce moment en t\u00eate des classements de l\u2019application et leur ont remis un prix coup de c\u0153ur. Nombre d\u2019avis, moyenne des \u00e9valuations, notes,\u00a0etc, plusieurs crit\u00e8res permettent de cr\u00e9er ce classement, qui met en avant notamment L\u2019Antonin , un bar-restaurant aux cocktails et \u00e0 la cuisine cr\u00e9ative, situ\u00e9 place Antonin-Poncet.<\/p>\n<p>On retrouve ensuite Le Comptoir (Lyon 5e). Une belle r\u00e9compense pour le chef Anthony Bonnet et son \u00e9quipe, qui ont rouvert juste avant l\u2019\u00e9t\u00e9, apr\u00e8s 2 ans et demi de travaux, l\u2019h\u00f4tel la Cour des Loges , le restaurant gastronomique Les Loges et son pendant \u00ab\u00a0bistronomique\u00a0\u00bb le Comptoir. Et visiblement, les Lyonnais attendaient cette r\u00e9ouverture\u00a0! Le Caf\u00e9 des Antiquaires (un caf\u00e9-bar-pizzeria dans le 2e), le Poivron Bleu  et sa cuisine de march\u00e9 (Lyon 6e) et  l\u2019Esperanto Lyon 6 (tapas, cocktails et wine) compl\u00e8tent ce top 5 des restaurants lyonnais. Des adresses \u00e0 tester sans tarder\u00a0!<\/p>\n<p>Parall\u00e8lement, TheFork et Le Progr\u00e8s ont officialis\u00e9 leur partenariat pour le lancement  du  Guide des Bonnes Tables du Progr\u00e8s. Ce sera un lancement particulier pour une \u00e9dition particuli\u00e8re : pour les 10 ans du guide en effet, de nombreuses surprises sont en pr\u00e9paration !<\/p>\n","protected":false},"excerpt":{"rendered":"Tout au long de l\u2019ann\u00e9e, TheFork sillonne la France pour organiser des \u00ab\u00a0Soir\u00e9es entre chefs\u00a0\u00bb. La derni\u00e8re d\u2019entre&hellip;\n","protected":false},"author":2,"featured_media":429213,"comment_status":"","ping_status":"","sticky":false,"template":"","format":"standard","meta":{"footnotes":""},"categories":[1889],"tags":[1111,11,2430,4406,130,33,2757,1777,674,107,1011,27,2428,2756,6016,12,25,2429],"class_list":{"0":"post-429212","1":"post","2":"type-post","3":"status-publish","4":"format-standard","5":"has-post-thumbnail","7":"category-lyon","8":"tag-actu","9":"tag-actualites","10":"tag-auvergne-rhone-alpes","11":"tag-commerce-et-services","12":"tag-consommation","13":"tag-economie","14":"tag-edition-lyon-villeurbanne","15":"tag-eu","16":"tag-europe","17":"tag-fil-info","18":"tag-fr","19":"tag-france","20":"tag-lyon","21":"tag-lyon-bassin","22":"tag-magazine-cuisine-et-vins","23":"tag-news","24":"tag-republique-francaise","25":"tag-rhone"},"share_on_mastodon":{"url":"https:\/\/pubeurope.com\/@fr\/115294600065083217","error":""},"_links":{"self":[{"href":"https:\/\/www.europesays.com\/fr\/wp-json\/wp\/v2\/posts\/429212","targetHints":{"allow":["GET"]}}],"collection":[{"href":"https:\/\/www.europesays.com\/fr\/wp-json\/wp\/v2\/posts"}],"about":[{"href":"https:\/\/www.europesays.com\/fr\/wp-json\/wp\/v2\/types\/post"}],"author":[{"embeddable":true,"href":"https:\/\/www.europesays.com\/fr\/wp-json\/wp\/v2\/users\/2"}],"replies":[{"embeddable":true,"href":"https:\/\/www.europesays.com\/fr\/wp-json\/wp\/v2\/comments?post=429212"}],"version-history":[{"count":0,"href":"https:\/\/www.europesays.com\/fr\/wp-json\/wp\/v2\/posts\/429212\/revisions"}],"wp:featuredmedia":[{"embeddable":true,"href":"https:\/\/www.europesays.com\/fr\/wp-json\/wp\/v2\/media\/429213"}],"wp:attachment":[{"href":"https:\/\/www.europesays.com\/fr\/wp-json\/wp\/v2\/media?parent=429212"}],"wp:term":[{"taxonomy":"category","embeddable":true,"href":"https:\/\/www.europesays.com\/fr\/wp-json\/wp\/v2\/categories?post=429212"},{"taxonomy":"post_tag","embeddable":true,"href":"https:\/\/www.europesays.com\/fr\/wp-json\/wp\/v2\/tags?post=429212"}],"curies":[{"name":"wp","href":"https:\/\/api.w.org\/{rel}","templated":true}]}}