{"id":429216,"date":"2025-09-30T18:14:15","date_gmt":"2025-09-30T18:14:15","guid":{"rendered":"https:\/\/www.europesays.com\/fr\/429216\/"},"modified":"2025-09-30T18:14:15","modified_gmt":"2025-09-30T18:14:15","slug":"les-previsions-de-trafic-ratp-et-sncf-pour-paris-et-toute-la-france","status":"publish","type":"post","link":"https:\/\/www.europesays.com\/fr\/429216\/","title":{"rendered":"les pr\u00e9visions de trafic RATP et SNCF pour Paris et toute la France"},"content":{"rendered":"<p class=\"article-p mdl\">Nouvelle journ\u00e9e de mobilisation en vue. Apr\u00e8s l&rsquo;importante gr\u00e8ve du 18 septembre 2025, les syndicats remettent le couvert ce jeudi 2 octobre dans le but de maintenir la pression sur le nouveau Premier ministre, S\u00e9bastien Lecornu. Le 18 septembre dernier, le mouvement avait largement \u00e9t\u00e9 suivi dans les transports.<\/p>\n<p class=\"article-p mdl\">Ce\u00a0<a class=\"link\" href=\"https:\/\/www.rtl.fr\/actu\/politique\/les-syndicats-annoncent-une-nouvelle-journee-de-mobilisation-le-2-octobre-7900544983\" title=\"Les syndicats annoncent une nouvelle journ\u00e9e de mobilisation le 2 octobre\" target=\"_blank\" rel=\"noopener\">jeudi 2 octobre<\/a>, \u00e0 en croire les pr\u00e9visions de la SNCF et de la RATP, <strong>la mobilisation devrait moins perturber les transports<\/strong>. De nombreux syndicats participent pourtant \u00e0 la gr\u00e8ve.\u00a0\u00ab\u00a0Dans l&rsquo;\u00e9lan de l&rsquo;intersyndicale interprofessionnelle, les f\u00e9d\u00e9rations cheminots CGT, Unsa ferroviaire, Sud Rail et CFDT Cheminots appellent \u00e0 se mobiliser massivement, par la gr\u00e8ve et dans la rue, le jeudi 2 octobre\u00a0\u00bb, ont-ils \u00e9crit dans un communiqu\u00e9 commun.<\/p>\n<p class=\"article-p mdl\">Ces pr\u00e9visions restent susceptibles d&rsquo;\u00e9voluer d&rsquo;ici le jeudi 2 octobre.<\/p>\n<p>            Quelle mobilisation \u00e0 la SNCF ?<\/p>\n<p class=\"article-p mdl\">Selon le minist\u00e8re des Transports, qui se base sur les informations fournies par SNCF Voyageurs et SNCF R\u00e9seau, le trafic s&rsquo;annonce normal dans les TGV pour la journ\u00e9e du jeudi 2 octobre. Quelques perturbations sont en revanche \u00e0 pr\u00e9voir du c\u00f4t\u00e9 des TER, RER, Transiliens et Intercit\u00e9s.<\/p>\n<p class=\"article-p mdl\">Aucune pr\u00e9vision plus d\u00e9taill\u00e9e n&rsquo;a \u00e9t\u00e9 donn\u00e9e \u00e0 l&rsquo;heure actuelle.<\/p>\n<p>            Dans les transports franciliens<\/p>\n<p class=\"article-p mdl\">En \u00cele-de-France, la gr\u00e8ve du 2 octobre devrait avoir\u00a0<strong>un faible impact dans le m\u00e9tro.<\/strong> Selon la RATP, le trafic est annonc\u00e9 comme normal ou quasi normal sur l&rsquo;ensemble des lignes.\u00a0<\/p>\n<p class=\"article-p mdl\">Seules les lignes C du RER et H du Transilien devraient \u00eatre l\u00e9g\u00e8rement perturb\u00e9es. Les RER D et E ainsi que les Transilien L, N, R et U verront leur trafic perturb\u00e9. M\u00eame cas de figure pour les lignes de bus A, B, C, D, F, L, T, 9 et 262 du secteur d\u2019Argenteuil et les lignes de bus de Roissy Pays de France.<\/p>\n<p>            Dans les airs<\/p>\n<p class=\"article-p mdl\">Concernant le trafic a\u00e9rien, peu de perturbations sont \u00e0 pr\u00e9voir, malgr\u00e9 les 75 gr\u00e9vistes d\u00e9clar\u00e9s \u00e0 ce jour. Selon le minist\u00e8re, seuls quelques retards sont attendus mais \u00ab\u00a0aucune perturbation significative\u00a0\u00bb.<\/p>\n<p>    La r\u00e9daction vous recommande<\/p>\n<p class=\"s-newsletter__title\">\n                L\u2019actualit\u00e9 par la r\u00e9daction de RTL dans votre bo\u00eete mail.\n            <\/p>\n<p class=\"s-newsletter__subtitle\">\n                Gr\u00e2ce \u00e0 votre compte RTL abonnez-vous \u00e0 la newsletter RTL info pour suivre toute l&rsquo;actualit\u00e9 au quotidien\n            <\/p>\n<p>\n                                    Lire la suite\n                                <\/p>\n","protected":false},"excerpt":{"rendered":"Nouvelle journ\u00e9e de mobilisation en vue. Apr\u00e8s l&rsquo;importante gr\u00e8ve du 18 septembre 2025, les syndicats remettent le couvert&hellip;\n","protected":false},"author":2,"featured_media":429217,"comment_status":"","ping_status":"","sticky":false,"template":"","format":"standard","meta":{"footnotes":""},"categories":[1888],"tags":[1111,1928,11,1927,1777,674,107,1011,27,6151,17974,1272,12,1926,626,1925,625,25,2215,800],"class_list":{"0":"post-429216","1":"post","2":"type-post","3":"status-publish","4":"format-standard","5":"has-post-thumbnail","7":"category-paris","8":"tag-actu","9":"tag-actu-paris","10":"tag-actualites","11":"tag-actualites-paris","12":"tag-eu","13":"tag-europe","14":"tag-fil-info","15":"tag-fr","16":"tag-france","17":"tag-greve","18":"tag-greve-sncf","19":"tag-manifestations","20":"tag-news","21":"tag-news-paris","22":"tag-paris","23":"tag-paris-news","24":"tag-ratp","25":"tag-republique-francaise","26":"tag-sncf","27":"tag-transports"},"share_on_mastodon":{"url":"https:\/\/pubeurope.com\/@fr\/115294611972535970","error":""},"_links":{"self":[{"href":"https:\/\/www.europesays.com\/fr\/wp-json\/wp\/v2\/posts\/429216","targetHints":{"allow":["GET"]}}],"collection":[{"href":"https:\/\/www.europesays.com\/fr\/wp-json\/wp\/v2\/posts"}],"about":[{"href":"https:\/\/www.europesays.com\/fr\/wp-json\/wp\/v2\/types\/post"}],"author":[{"embeddable":true,"href":"https:\/\/www.europesays.com\/fr\/wp-json\/wp\/v2\/users\/2"}],"replies":[{"embeddable":true,"href":"https:\/\/www.europesays.com\/fr\/wp-json\/wp\/v2\/comments?post=429216"}],"version-history":[{"count":0,"href":"https:\/\/www.europesays.com\/fr\/wp-json\/wp\/v2\/posts\/429216\/revisions"}],"wp:featuredmedia":[{"embeddable":true,"href":"https:\/\/www.europesays.com\/fr\/wp-json\/wp\/v2\/media\/429217"}],"wp:attachment":[{"href":"https:\/\/www.europesays.com\/fr\/wp-json\/wp\/v2\/media?parent=429216"}],"wp:term":[{"taxonomy":"category","embeddable":true,"href":"https:\/\/www.europesays.com\/fr\/wp-json\/wp\/v2\/categories?post=429216"},{"taxonomy":"post_tag","embeddable":true,"href":"https:\/\/www.europesays.com\/fr\/wp-json\/wp\/v2\/tags?post=429216"}],"curies":[{"name":"wp","href":"https:\/\/api.w.org\/{rel}","templated":true}]}}