{"id":429218,"date":"2025-09-30T18:15:13","date_gmt":"2025-09-30T18:15:13","guid":{"rendered":"https:\/\/www.europesays.com\/fr\/429218\/"},"modified":"2025-09-30T18:15:13","modified_gmt":"2025-09-30T18:15:13","slug":"un-mort-et-28-blesses-apres-une-frappe-russe-sur-dnipro","status":"publish","type":"post","link":"https:\/\/www.europesays.com\/fr\/429218\/","title":{"rendered":"un mort et 28 bless\u00e9s apr\u00e8s une frappe russe sur Dnipro"},"content":{"rendered":"<p>   Prague limite l\u2019entr\u00e9e des Russes munis de passeports diplomatiques et de visas d\u2019affaires sur son territoire             <\/p>\n<p class=\"post__live-container--answer-text post__space-node\">Le gouvernement tch\u00e8que a d\u00e9clar\u00e9, mardi, vouloir montrer l\u2019exemple en devenant le premier pays de l\u2019Union europ\u00e9enne \u00e0 limiter, avec effet imm\u00e9diat, l\u2019entr\u00e9e sur son territoire \u00e0 des Russes munis de passeports diplomatiques ou de visas d\u2019affaires, invoquant des pr\u00e9occupations de s\u00e9curit\u00e9.<\/p>\n<p class=\"post__live-container--answer-text post__space-node\">Cette mesure s\u2019appliquera aux a\u00e9roports dans le pays. Les ressortissants russes accr\u00e9dit\u00e9s aupr\u00e8s de l\u2019ambassade \u00e0 Prague resteront autoris\u00e9s \u00e0 entrer, a pr\u00e9cis\u00e9 le minist\u00e8re des affaires \u00e9trang\u00e8res tch\u00e8que cit\u00e9 par l\u2019Agence France-Presse. L\u2019UE, dont la R\u00e9publique tch\u00e8que est membre, envisage d\u2019imposer des restrictions strictes aux d\u00e9placements des diplomates russes dans l\u2019espace Schengen.<\/p>\n<p class=\"post__live-container--answer-text post__space-node\">Si le ministre des affaires \u00e9trang\u00e8res tch\u00e8que, Jan Lipavsky, aurait pr\u00e9f\u00e9r\u00e9 une d\u00e9cision coll\u00e9giale de l\u2019UE, il a d\u00e9clar\u00e9 \u00e0 des journalistes que cette d\u00e9cision permettra \u00ab\u00a0de r\u00e9soudre [leur] probl\u00e8me de s\u00e9curit\u00e9, car le r\u00e9seau diplomatique russe dissimule des agents qui la mettent en danger\u00a0\u00bb.<\/p>\n<p class=\"post__live-container--answer-text post__space-node\">Dans son dernier rapport annuel, le service de renseignement tch\u00e8que a pr\u00e9cis\u00e9 que la Russie poursuivait ses efforts pour entretenir un vaste r\u00e9seau d\u2019espionnage op\u00e9rant sous couverture diplomatique \u00e0 l\u2019ambassade russe de Prague.<\/p>\n","protected":false},"excerpt":{"rendered":"Prague limite l\u2019entr\u00e9e des Russes munis de passeports diplomatiques et de visas d\u2019affaires sur son territoire Le gouvernement&hellip;\n","protected":false},"author":2,"featured_media":429219,"comment_status":"","ping_status":"","sticky":false,"template":"","format":"standard","meta":{"footnotes":""},"categories":[1888],"tags":[1111,1928,11,1927,1777,674,1011,27,12,1926,626,1925,25],"class_list":{"0":"post-429218","1":"post","2":"type-post","3":"status-publish","4":"format-standard","5":"has-post-thumbnail","7":"category-paris","8":"tag-actu","9":"tag-actu-paris","10":"tag-actualites","11":"tag-actualites-paris","12":"tag-eu","13":"tag-europe","14":"tag-fr","15":"tag-france","16":"tag-news","17":"tag-news-paris","18":"tag-paris","19":"tag-paris-news","20":"tag-republique-francaise"},"share_on_mastodon":{"url":"https:\/\/pubeurope.com\/@fr\/115294615895980385","error":""},"_links":{"self":[{"href":"https:\/\/www.europesays.com\/fr\/wp-json\/wp\/v2\/posts\/429218","targetHints":{"allow":["GET"]}}],"collection":[{"href":"https:\/\/www.europesays.com\/fr\/wp-json\/wp\/v2\/posts"}],"about":[{"href":"https:\/\/www.europesays.com\/fr\/wp-json\/wp\/v2\/types\/post"}],"author":[{"embeddable":true,"href":"https:\/\/www.europesays.com\/fr\/wp-json\/wp\/v2\/users\/2"}],"replies":[{"embeddable":true,"href":"https:\/\/www.europesays.com\/fr\/wp-json\/wp\/v2\/comments?post=429218"}],"version-history":[{"count":0,"href":"https:\/\/www.europesays.com\/fr\/wp-json\/wp\/v2\/posts\/429218\/revisions"}],"wp:featuredmedia":[{"embeddable":true,"href":"https:\/\/www.europesays.com\/fr\/wp-json\/wp\/v2\/media\/429219"}],"wp:attachment":[{"href":"https:\/\/www.europesays.com\/fr\/wp-json\/wp\/v2\/media?parent=429218"}],"wp:term":[{"taxonomy":"category","embeddable":true,"href":"https:\/\/www.europesays.com\/fr\/wp-json\/wp\/v2\/categories?post=429218"},{"taxonomy":"post_tag","embeddable":true,"href":"https:\/\/www.europesays.com\/fr\/wp-json\/wp\/v2\/tags?post=429218"}],"curies":[{"name":"wp","href":"https:\/\/api.w.org\/{rel}","templated":true}]}}