{"id":429223,"date":"2025-09-30T18:18:16","date_gmt":"2025-09-30T18:18:16","guid":{"rendered":"https:\/\/www.europesays.com\/fr\/429223\/"},"modified":"2025-09-30T18:18:16","modified_gmt":"2025-09-30T18:18:16","slug":"nous-avons-ete-menaces-par-la-russie-tres-recemment-donald-trump-annonce-avoir-envoye-un-sous-marin-nucleaire-au-large-des-cotes-russes-video","status":"publish","type":"post","link":"https:\/\/www.europesays.com\/fr\/429223\/","title":{"rendered":"\u00ab\u00a0Nous avons \u00e9t\u00e9 menac\u00e9s par la Russie tr\u00e8s r\u00e9cemment\u00a0\u00bb\u00a0: Donald Trump annonce avoir envoy\u00e9 un sous-marin nucl\u00e9aire au large des c\u00f4tes russes (VIDEO)"},"content":{"rendered":"<p class=\"ap-StoryElement ap-StoryElement--mb ap-StoryText\">En d\u00e9placement sur une base militaire en Virginie ce mardi, Donald Trump a promis devant des hauts grad\u00e9s de \u00ab\u00a0r\u00e9veiller l&rsquo;esprit guerrier\u00a0\u00bb dans l&rsquo;arm\u00e9e am\u00e9ricaine.<\/p>\n<p class=\"text-left ap-StoryElement ap-StoryElement--mb ap-StoryText\">Dans la foul\u00e9e, le pr\u00e9sident am\u00e9ricain a annonc\u00e9 qu&rsquo;il avait envoy\u00e9 un sous-marin nucl\u00e9aire au large des c\u00f4tes russes simplement par pr\u00e9caution. \u00ab\u00a0Nous avons \u00e9t\u00e9 menac\u00e9s par la Russie tr\u00e8s r\u00e9cemment. Et j&rsquo;ai dit d&rsquo;envoyer un sous-marin nucl\u00e9aire, l&rsquo;arme la plus l\u00e9tale jamais construite, un sous-marin ind\u00e9tectable\u2026 au large des c\u00f4tes de la Russie\u00a0\u00bb, a-t-il annonc\u00e9.<\/p>\n","protected":false},"excerpt":{"rendered":"En d\u00e9placement sur une base militaire en Virginie ce mardi, Donald Trump a promis devant des hauts grad\u00e9s&hellip;\n","protected":false},"author":2,"featured_media":429224,"comment_status":"","ping_status":"","sticky":false,"template":"","format":"standard","meta":{"footnotes":""},"categories":[1591],"tags":[11,1887,1227,12,1885,1886,132],"class_list":{"0":"post-429223","1":"post","2":"type-post","3":"status-publish","4":"format-standard","5":"has-post-thumbnail","7":"category-russie","8":"tag-actualites","9":"tag-federation-de-russie","10":"tag-horizontal","11":"tag-news","12":"tag-russia","13":"tag-russian-federation","14":"tag-russie"},"share_on_mastodon":{"url":"https:\/\/pubeurope.com\/@fr\/115294627698115075","error":""},"_links":{"self":[{"href":"https:\/\/www.europesays.com\/fr\/wp-json\/wp\/v2\/posts\/429223","targetHints":{"allow":["GET"]}}],"collection":[{"href":"https:\/\/www.europesays.com\/fr\/wp-json\/wp\/v2\/posts"}],"about":[{"href":"https:\/\/www.europesays.com\/fr\/wp-json\/wp\/v2\/types\/post"}],"author":[{"embeddable":true,"href":"https:\/\/www.europesays.com\/fr\/wp-json\/wp\/v2\/users\/2"}],"replies":[{"embeddable":true,"href":"https:\/\/www.europesays.com\/fr\/wp-json\/wp\/v2\/comments?post=429223"}],"version-history":[{"count":0,"href":"https:\/\/www.europesays.com\/fr\/wp-json\/wp\/v2\/posts\/429223\/revisions"}],"wp:featuredmedia":[{"embeddable":true,"href":"https:\/\/www.europesays.com\/fr\/wp-json\/wp\/v2\/media\/429224"}],"wp:attachment":[{"href":"https:\/\/www.europesays.com\/fr\/wp-json\/wp\/v2\/media?parent=429223"}],"wp:term":[{"taxonomy":"category","embeddable":true,"href":"https:\/\/www.europesays.com\/fr\/wp-json\/wp\/v2\/categories?post=429223"},{"taxonomy":"post_tag","embeddable":true,"href":"https:\/\/www.europesays.com\/fr\/wp-json\/wp\/v2\/tags?post=429223"}],"curies":[{"name":"wp","href":"https:\/\/api.w.org\/{rel}","templated":true}]}}