{"id":429225,"date":"2025-09-30T18:19:14","date_gmt":"2025-09-30T18:19:14","guid":{"rendered":"https:\/\/www.europesays.com\/fr\/429225\/"},"modified":"2025-09-30T18:19:14","modified_gmt":"2025-09-30T18:19:14","slug":"lue-prepare-sa-reponse-aux-survols-repetes-de-drones-les-etats-majors-restent-prudents-sur-leur-provenance","status":"publish","type":"post","link":"https:\/\/www.europesays.com\/fr\/429225\/","title":{"rendered":"L\u2019UE pr\u00e9pare sa r\u00e9ponse aux survols r\u00e9p\u00e9t\u00e9s de drones, les \u00c9tats-majors restent prudents sur leur provenance"},"content":{"rendered":"<p>Depuis pr\u00e8s d\u2019un mois, une partie du ciel europ\u00e9en se trouve plong\u00e9e en pleine confusion. Apr\u00e8s la Pologne le 3\u00a0septembre, <a href=\"https:\/\/www.humanite.fr\/monde\/danemark\/russie-soupconnee-soutien-annonce-par-macron-ce-que-lon-sait-de-la-nouvelle-alerte-aux-drones-au-danemark\" target=\"_blank\" rel=\"noopener\">des drones ont survol\u00e9 \u00e0 plusieurs reprises le Danemark<\/a> et la Norv\u00e8ge ces dix derniers jours.<\/p>\n<p>Ces vols, non identifi\u00e9s, ont \u00e9t\u00e9 d\u00e9tect\u00e9s au-dessus de sites sensibles comme des a\u00e9roports ou des bases militaires, for\u00e7ant la suspension du trafic a\u00e9rien. Hasard du calendrier, un sommet informel des Vingt-Sept se tient \u00e0 Copenhague, mercredi et jeudi.<\/p>\n<p>Devant cette nouvelle menace, la France, l\u2019Allemagne et la Su\u00e8de ont d\u00e9j\u00e0 d\u00e9ploy\u00e9 des moyens militaires pour aider le Danemark, qui a interdit tout vol de drone civil depuis lundi. L\u2019Otan a renforc\u00e9 sa vigilance dans la Baltique.<\/p>\n<p>L\u2019Otan surveille les vols de drones inexpliqu\u00e9s<\/p>\n<p>\u00ab\u00a0Ces \u00e9pisodes sont intrigants. Si aucun doute n\u2019est de mise sur les drones qui ont survol\u00e9 la Pologne, qui sont de fabrication russe, les survols nocturnes du Danemark depuis une semaine interpellent. Aucun drone n\u2019a \u00e9t\u00e9 abattu&#8230;<\/p>\n","protected":false},"excerpt":{"rendered":"Depuis pr\u00e8s d\u2019un mois, une partie du ciel europ\u00e9en se trouve plong\u00e9e en pleine confusion. Apr\u00e8s la Pologne&hellip;\n","protected":false},"author":2,"featured_media":429226,"comment_status":"","ping_status":"","sticky":false,"template":"","format":"standard","meta":{"footnotes":""},"categories":[1590],"tags":[11,9929,1777,674,131,12,132,220,2475],"class_list":{"0":"post-429225","1":"post","2":"type-post","3":"status-publish","4":"format-standard","5":"has-post-thumbnail","7":"category-ukraine","8":"tag-actualites","9":"tag-du00e9fense","10":"tag-eu","11":"tag-europe","12":"tag-guerre-en-ukraine","13":"tag-news","14":"tag-russie","15":"tag-ukraine","16":"tag-union-europu00e9enne"},"share_on_mastodon":{"url":"https:\/\/pubeurope.com\/@fr\/115294631643742549","error":""},"_links":{"self":[{"href":"https:\/\/www.europesays.com\/fr\/wp-json\/wp\/v2\/posts\/429225","targetHints":{"allow":["GET"]}}],"collection":[{"href":"https:\/\/www.europesays.com\/fr\/wp-json\/wp\/v2\/posts"}],"about":[{"href":"https:\/\/www.europesays.com\/fr\/wp-json\/wp\/v2\/types\/post"}],"author":[{"embeddable":true,"href":"https:\/\/www.europesays.com\/fr\/wp-json\/wp\/v2\/users\/2"}],"replies":[{"embeddable":true,"href":"https:\/\/www.europesays.com\/fr\/wp-json\/wp\/v2\/comments?post=429225"}],"version-history":[{"count":0,"href":"https:\/\/www.europesays.com\/fr\/wp-json\/wp\/v2\/posts\/429225\/revisions"}],"wp:featuredmedia":[{"embeddable":true,"href":"https:\/\/www.europesays.com\/fr\/wp-json\/wp\/v2\/media\/429226"}],"wp:attachment":[{"href":"https:\/\/www.europesays.com\/fr\/wp-json\/wp\/v2\/media?parent=429225"}],"wp:term":[{"taxonomy":"category","embeddable":true,"href":"https:\/\/www.europesays.com\/fr\/wp-json\/wp\/v2\/categories?post=429225"},{"taxonomy":"post_tag","embeddable":true,"href":"https:\/\/www.europesays.com\/fr\/wp-json\/wp\/v2\/tags?post=429225"}],"curies":[{"name":"wp","href":"https:\/\/api.w.org\/{rel}","templated":true}]}}