{"id":429235,"date":"2025-09-30T18:24:14","date_gmt":"2025-09-30T18:24:14","guid":{"rendered":"https:\/\/www.europesays.com\/fr\/429235\/"},"modified":"2025-09-30T18:24:14","modified_gmt":"2025-09-30T18:24:14","slug":"des-petits-dejeuners-a-lecole-pour-238-eleves","status":"publish","type":"post","link":"https:\/\/www.europesays.com\/fr\/429235\/","title":{"rendered":"Des petits-d\u00e9jeuners \u00e0 l&rsquo;\u00e9cole pour 238 \u00e9l\u00e8ves"},"content":{"rendered":"<p>            Par<br \/>\n        <strong><br \/>\n            <a href=\"https:\/\/actu.fr\/auteur\/jerome-buresi\" title=\"Consulter tous les articles de J\u00e9r\u00f4me Buresi\" target=\"_blank\" rel=\"noopener\">J\u00e9r\u00f4me Buresi<\/a><br \/>\n        <\/strong><\/p>\n<p>        Publi\u00e9 le<\/p>\n<p>            30 sept. 2025 \u00e0 20h16        <\/p>\n<p>L\u2019<b>aide de l\u2019\u00c9tat<\/b> pour les <b>petits d\u00e9jeuners<\/b> \u00e0 l\u2019\u00e9cole est maintenue \u00e0 Eu, en Seine-Maritime pour l\u2019ann\u00e9e scolaire 2025-2026. <b>Laurent Llopez<\/b>, adjoint au maire en charge des affaires scolaires, a annonc\u00e9 que la commune va en effet pouvoir renouveler la convention avec l\u2019\u00c9ducation nationale.<\/p>\n<p class=\" wall-content\">Le dispositif a \u00e9t\u00e9 mis en place pour la premi\u00e8re fois en 2021.<\/p>\n<p class=\" wall-content\">L\u2019aide financi\u00e8re du minist\u00e8re prend la forme d\u2019une contribution forfaitaire de 1,30\u00a0\u20ac par \u00e9l\u00e8ve au moment de l\u2019achat des denr\u00e9es alimentaires. Cela repr\u00e9sente un budget de 7 893\u00a0\u20ac.<\/p>\n<p class=\" wall-content\">Laurent Llopez a comment\u00e9 : \u00ab Il nous arrive souvent de critiquer l\u2019\u00c9tat pour son manque d\u2019engagement, pour une fois, je vais le remercier de maintenir ce dispositif\u00a0\u00bb.<\/p>\n<p class=\" wall-content\">Il a ajout\u00e9 : \u00ab Je pense que c\u2019est notre appartenance au dispositif<a href=\"https:\/\/www.education.gouv.fr\/les-territoires-educatifs-ruraux-308601\" target=\"_blank\" rel=\"noopener\"> Territoire \u00e9ducatif rural<\/a> qui a favoris\u00e9 ce renouvellement \u00bb.<\/p>\n<p>Vid\u00e9os : en ce moment sur Actu238\u00a0\u00e9l\u00e8ves concern\u00e9s<\/p>\n<p class=\" wall-content\">Des petits-d\u00e9jeuners seront donc bien servis \u00e0 238 \u00e9l\u00e8ves de l\u2019\u00e9cole Broc\u00e9liande, les lundis, mardis, jeudis et vendredis entre 8 h et 8 h 45.<\/p>\n<p class=\" wall-content\">L\u2019objectif du dispositif est de r\u00e9duire les in\u00e9galit\u00e9s : permettre \u00e0 tous les \u00e9coliers de b\u00e9n\u00e9ficier d\u2019un bon petit d\u00e9jeuner.<\/p>\n<p>Votre r\u00e9gion, votre actu !<\/p>\n<p>Recevez chaque jour les infos qui comptent pour vous.<\/p>\n<p>\t<a href=\"https:\/\/actu.fr\/newsletter\" class=\"ac-btn ac-btn--corner ac-btn--medium ac-btn--blue800\" target=\"_blank\" rel=\"noopener\">S&rsquo;incrire<\/a><\/p>\n<p class=\" wall-content\">Laurent Llopez a ajout\u00e9 : \u00ab Cela participe \u00e9galement \u00e0 l\u2019\u00e9ducation \u00e0 l\u2019alimentation. Les enfants d\u00e9couvrent des aliments qu\u2019ils n\u2019ont pas l\u2019habitude de manger. Cela peut aussi s\u2019accompagner d\u2019un travail en classe \u00bb.<\/p>\n<p class=\" wall-content\">D\u2019autres communes ont \u00e9t\u00e9 moins chanceuses. <b>L\u2019aide n\u2019a ainsi pas \u00e9t\u00e9 renouvel\u00e9e <\/b>pour la ville voisine du\u00a0<a href=\"https:\/\/actu.fr\/normandie\/le-treport_76711\" target=\"_blank\" rel=\"noopener\">Tr\u00e9port<\/a>, qui a malgr\u00e9 tout d\u00e9cid\u00e9 de financer le maintien du dispositif.<\/p>\n<p class=\" wall-content\">Personnalisez votre actualit\u00e9 en ajoutant vos villes et m\u00e9dias en favori avec <a href=\"https:\/\/moncompte.actu.fr\" title=\"D\u00e9couvez Mon Actu\" rel=\"nofollow noopener\" data-trk=\"{&quot;cta&quot;:{&quot;action&quot;:&quot;https:\\\/\\\/moncompte.actu.fr&quot;,&quot;category&quot;:&quot;mon compte&quot;,&quot;from&quot;:&quot;article footer&quot;,&quot;name&quot;:&quot;Mon actu&quot;,&quot;type&quot;:&quot;cta&quot;}}\" target=\"_blank\">Mon Actu<\/a>.<\/p>\n","protected":false},"excerpt":{"rendered":"Par J\u00e9r\u00f4me Buresi Publi\u00e9 le 30 sept. 2025 \u00e0 20h16 L\u2019aide de l\u2019\u00c9tat pour les petits d\u00e9jeuners \u00e0&hellip;\n","protected":false},"author":2,"featured_media":429236,"comment_status":"","ping_status":"","sticky":false,"template":"","format":"standard","meta":{"footnotes":""},"categories":[1586],"tags":[11,258,1057,1777,674,1779,1011,27,12,25,104,1778,364,3587],"class_list":{"0":"post-429235","1":"post","2":"type-post","3":"status-publish","4":"format-standard","5":"has-post-thumbnail","7":"category-europe","8":"tag-actualites","9":"tag-alimentation","10":"tag-education","11":"tag-eu","12":"tag-europe","13":"tag-european-union","14":"tag-fr","15":"tag-france","16":"tag-news","17":"tag-republique-francaise","18":"tag-societe","19":"tag-ue","20":"tag-union-europeenne","21":"tag-villes-soeurs"},"share_on_mastodon":{"url":"https:\/\/pubeurope.com\/@fr\/115294651358304965","error":""},"_links":{"self":[{"href":"https:\/\/www.europesays.com\/fr\/wp-json\/wp\/v2\/posts\/429235","targetHints":{"allow":["GET"]}}],"collection":[{"href":"https:\/\/www.europesays.com\/fr\/wp-json\/wp\/v2\/posts"}],"about":[{"href":"https:\/\/www.europesays.com\/fr\/wp-json\/wp\/v2\/types\/post"}],"author":[{"embeddable":true,"href":"https:\/\/www.europesays.com\/fr\/wp-json\/wp\/v2\/users\/2"}],"replies":[{"embeddable":true,"href":"https:\/\/www.europesays.com\/fr\/wp-json\/wp\/v2\/comments?post=429235"}],"version-history":[{"count":0,"href":"https:\/\/www.europesays.com\/fr\/wp-json\/wp\/v2\/posts\/429235\/revisions"}],"wp:featuredmedia":[{"embeddable":true,"href":"https:\/\/www.europesays.com\/fr\/wp-json\/wp\/v2\/media\/429236"}],"wp:attachment":[{"href":"https:\/\/www.europesays.com\/fr\/wp-json\/wp\/v2\/media?parent=429235"}],"wp:term":[{"taxonomy":"category","embeddable":true,"href":"https:\/\/www.europesays.com\/fr\/wp-json\/wp\/v2\/categories?post=429235"},{"taxonomy":"post_tag","embeddable":true,"href":"https:\/\/www.europesays.com\/fr\/wp-json\/wp\/v2\/tags?post=429235"}],"curies":[{"name":"wp","href":"https:\/\/api.w.org\/{rel}","templated":true}]}}