{"id":429250,"date":"2025-09-30T18:34:19","date_gmt":"2025-09-30T18:34:19","guid":{"rendered":"https:\/\/www.europesays.com\/fr\/429250\/"},"modified":"2025-09-30T18:34:19","modified_gmt":"2025-09-30T18:34:19","slug":"clique-x-isack-hadjar-la-f1-au-naturel","status":"publish","type":"post","link":"https:\/\/www.europesays.com\/fr\/429250\/","title":{"rendered":"Clique X Isack Hadjar : la F1 au naturel"},"content":{"rendered":"<p>Justine Sebbagle 30 septembre 2025<\/p>\n<p class=\"bg33va_introductionFragment vQ5tza_article-spacing vQ5tza_module-spacing\">\u00c0 tout juste 21 ans, le pilote franco-alg\u00e9rien Isack Hadjar est l\u2019un des espoirs les plus prometteurs de la Formule 1. Pour Clique X, il revient sur son parcours atypique, sa passion pour le Japon, son admiration pour Lewis Hamilton, et son envie de rester, malgr\u00e9 la pression, \u201cun jeune comme les autres\u201d.<\/p>\n<p>Du karting \u00e0 la F1, sans raccourci<\/p>\n<p>N\u00e9 en 2004 \u00e0 Paris, Isack Hadjar a grandi dans une famille \u00e9loign\u00e9e du monde du sport automobile : un p\u00e8re physicien d\u2019origine alg\u00e9rienne, une m\u00e8re libano-alg\u00e9rienne DRH. Rien ne le pr\u00e9destinait \u00e0 la F1, si ce n\u2019est sa passion pr\u00e9coce pour la vitesse, nourrie par le film CARS et le karting d\u00e8s l\u2019enfance. Ses d\u00e9buts sont marqu\u00e9s par une d\u00e9termination constante, malgr\u00e9 un physique jug\u00e9 peu id\u00e9al pour la comp\u00e9tition. Tr\u00e8s vite, il s\u2019impose dans les cat\u00e9gories juniors, gravit les \u00e9chelons des monoplaces, et int\u00e8gre le Red Bull Junior Team en 2021. Vice-champion de Formule 2 en 2024, il fait ses d\u00e9buts en F1 en 2025 chez Racing Bulls. Apr\u00e8s quelques courses prometteuses, il monte sur le podium au Grand Prix des Pays-Bas, devenant le plus jeune Fran\u00e7ais \u00e0 accomplir cet exploit.\u00a0<\/p>\n<p>En entretien, Hadjar \u00e9voque aussi son go\u00fbt pour le Japon &#8211; un pays qu\u2019il a visit\u00e9 r\u00e9cemment \u00e0 l\u2019occasion du Grand Prix de Suzuka. Il y partage son int\u00e9r\u00eat pour la culture manga et les codes d\u2019internet, qu\u2019on retrouve dans sa communication en ligne. Il explique vouloir montrer qu\u2019au-del\u00e0 de sa vie de pilote, il reste \u00ab un jeune homme comme les autres \u00bb. Passionn\u00e9 de MMA, il s\u2019int\u00e9resse \u00e0 l\u2019entra\u00eenement, au d\u00e9passement de soi, et suit de pr\u00e8s l\u2019univers des sports de combat.<\/p>\n<p><img decoding=\"async\" src=\"https:\/\/www.europesays.com\/fr\/wp-content\/uploads\/2025\/09\/95e0464bfb3fa4038e18fe4d403b8b1b5ea06058.jpeg\" alt=\"\" class=\"box-border text-dt-text-media-block-media-block-title animate-fade-in\" loading=\"lazy\" height=\"100%\" width=\"100%\" style=\"min-width:100%;height:100%\"\/>Un jeune pilote \u00e0 la conqu\u00eate du sommet<\/p>\n<p>C\u2019est d\u2019ailleurs via Instagram qu\u2019Isack Hadjar avait initialement contact\u00e9 Mouloud Achour, en esp\u00e9rant entrer en lien avec Karim Benzema ou Zin\u00e9dine Zidane. Une d\u00e9marche spontan\u00e9e, rest\u00e9e sans suite pour Benzema, mais qui aura port\u00e9 ses fruits : des ann\u00e9es plus tard, le voil\u00e0 invit\u00e9 sur Clique X. Une \u00e9mission qu\u2019il suit depuis longtemps, et dans laquelle il se livre avec simplicit\u00e9. Il parle de ses mod\u00e8les, au premier rang desquels Lewis Hamilton, qu\u2019il admire pour son talent mais aussi son engagement. Il \u00e9voque aussi F1 avec Brad Pitt, qu\u2019il juge globalement r\u00e9aliste, non sans humour : \u00ab Je ne sais pas pourquoi il arrive du mauvais c\u00f4t\u00e9 de la piste, et pourquoi il a toujours son sac avec lui ! \u00bb<\/p>\n<p>Enfin, alors que la rumeur courait depuis plusieurs semaines, Isack Hadjar confirme \u00e0 demi-mot son futur chez Red Bull : une info d\u00e9sormais rendue publique par Helmut Marko, conseiller de l\u2019\u00e9curie. S\u2019il n\u2019est pas encore officiellement annonc\u00e9 comme co\u00e9quipier de Max Verstappen, Hadjar semble en bonne voie pour int\u00e9grer l\u2019\u00e9quipe A d\u00e8s la saison prochaine.<\/p>\n","protected":false},"excerpt":{"rendered":"Justine Sebbagle 30 septembre 2025 \u00c0 tout juste 21 ans, le pilote franco-alg\u00e9rien Isack Hadjar est l\u2019un des&hellip;\n","protected":false},"author":2,"featured_media":429251,"comment_status":"","ping_status":"","sticky":false,"template":"","format":"standard","meta":{"footnotes":""},"categories":[1412],"tags":[1451,1452,1453,1454,1455,1011,27,60],"class_list":{"0":"post-429250","1":"post","2":"type-post","3":"status-publish","4":"format-standard","5":"has-post-thumbnail","7":"category-f1","8":"tag-f1","9":"tag-formula-1","10":"tag-formula1","11":"tag-formule-1","12":"tag-formule1","13":"tag-fr","14":"tag-france","15":"tag-sports"},"share_on_mastodon":{"url":"https:\/\/pubeurope.com\/@fr\/115294690470392734","error":""},"_links":{"self":[{"href":"https:\/\/www.europesays.com\/fr\/wp-json\/wp\/v2\/posts\/429250","targetHints":{"allow":["GET"]}}],"collection":[{"href":"https:\/\/www.europesays.com\/fr\/wp-json\/wp\/v2\/posts"}],"about":[{"href":"https:\/\/www.europesays.com\/fr\/wp-json\/wp\/v2\/types\/post"}],"author":[{"embeddable":true,"href":"https:\/\/www.europesays.com\/fr\/wp-json\/wp\/v2\/users\/2"}],"replies":[{"embeddable":true,"href":"https:\/\/www.europesays.com\/fr\/wp-json\/wp\/v2\/comments?post=429250"}],"version-history":[{"count":0,"href":"https:\/\/www.europesays.com\/fr\/wp-json\/wp\/v2\/posts\/429250\/revisions"}],"wp:featuredmedia":[{"embeddable":true,"href":"https:\/\/www.europesays.com\/fr\/wp-json\/wp\/v2\/media\/429251"}],"wp:attachment":[{"href":"https:\/\/www.europesays.com\/fr\/wp-json\/wp\/v2\/media?parent=429250"}],"wp:term":[{"taxonomy":"category","embeddable":true,"href":"https:\/\/www.europesays.com\/fr\/wp-json\/wp\/v2\/categories?post=429250"},{"taxonomy":"post_tag","embeddable":true,"href":"https:\/\/www.europesays.com\/fr\/wp-json\/wp\/v2\/tags?post=429250"}],"curies":[{"name":"wp","href":"https:\/\/api.w.org\/{rel}","templated":true}]}}