{"id":429257,"date":"2025-09-30T18:43:13","date_gmt":"2025-09-30T18:43:13","guid":{"rendered":"https:\/\/www.europesays.com\/fr\/429257\/"},"modified":"2025-09-30T18:43:13","modified_gmt":"2025-09-30T18:43:13","slug":"saint-claude-maryse-vuillermet-invitee-a-la-librairie-zadig-pour-son-nouveau-roman","status":"publish","type":"post","link":"https:\/\/www.europesays.com\/fr\/429257\/","title":{"rendered":"Saint-Claude. Maryse Vuillermet invit\u00e9e \u00e0 la\u00a0librairie Zadig pour son nouveau roman"},"content":{"rendered":"<p>Lapiaz , c\u2019est le titre du dernier roman de Maryse Vuillermet qui a grandi dans la cit\u00e9 pipi\u00e8re et ouvri\u00e8re. Professeure de lettres \u00e0 la retraite, l\u2019autrice a travaill\u00e9 sur les litt\u00e9ratures populaires, elle reste tr\u00e8s attach\u00e9e \u00e0 sa terre natale et \u00e0 ses habitants ouvriers, qu\u2019elle nomme \u00ab\u00a0les gens de peu\u00a0\u00bb.<\/p>\n<p>Son livre, \u00e0 para\u00eetre le 1er \u00a0octobre, utilise le majestueux d\u00e9cor des plateaux haut jurassiens pour explorer l\u2019intrusion d\u2019un couple hippie dans une combe recul\u00e9e o\u00f9 ne vit qu\u2019une poign\u00e9e de fermiers\u2026<\/p>\n<p class=\"note\">\u00c0 d\u00e9couvrir en avant-premi\u00e8re le\u00a0jeudi 2\u00a0octobre \u00e0 la librairie Zadig \u00e0 18\u00a0h\u00a030.<\/p>\n","protected":false},"excerpt":{"rendered":"Lapiaz , c\u2019est le titre du dernier roman de Maryse Vuillermet qui a grandi dans la cit\u00e9 pipi\u00e8re&hellip;\n","protected":false},"author":2,"featured_media":429258,"comment_status":"","ping_status":"","sticky":false,"template":"","format":"standard","meta":{"footnotes":""},"categories":[1357],"tags":[1379,1687,58,2274,59,1011,27,1380,2410,2272,2273],"class_list":{"0":"post-429257","1":"post","2":"type-post","3":"status-publish","4":"format-standard","5":"has-post-thumbnail","7":"category-livres","8":"tag-books","9":"tag-culture-loisirs","10":"tag-divertissement","11":"tag-edition-jura-sud","12":"tag-entertainment","13":"tag-fr","14":"tag-france","15":"tag-livres","16":"tag-livres-bd","17":"tag-saint-claude","18":"tag-saint-claude-bassin"},"share_on_mastodon":{"url":"https:\/\/pubeurope.com\/@fr\/115294726347239764","error":""},"_links":{"self":[{"href":"https:\/\/www.europesays.com\/fr\/wp-json\/wp\/v2\/posts\/429257","targetHints":{"allow":["GET"]}}],"collection":[{"href":"https:\/\/www.europesays.com\/fr\/wp-json\/wp\/v2\/posts"}],"about":[{"href":"https:\/\/www.europesays.com\/fr\/wp-json\/wp\/v2\/types\/post"}],"author":[{"embeddable":true,"href":"https:\/\/www.europesays.com\/fr\/wp-json\/wp\/v2\/users\/2"}],"replies":[{"embeddable":true,"href":"https:\/\/www.europesays.com\/fr\/wp-json\/wp\/v2\/comments?post=429257"}],"version-history":[{"count":0,"href":"https:\/\/www.europesays.com\/fr\/wp-json\/wp\/v2\/posts\/429257\/revisions"}],"wp:featuredmedia":[{"embeddable":true,"href":"https:\/\/www.europesays.com\/fr\/wp-json\/wp\/v2\/media\/429258"}],"wp:attachment":[{"href":"https:\/\/www.europesays.com\/fr\/wp-json\/wp\/v2\/media?parent=429257"}],"wp:term":[{"taxonomy":"category","embeddable":true,"href":"https:\/\/www.europesays.com\/fr\/wp-json\/wp\/v2\/categories?post=429257"},{"taxonomy":"post_tag","embeddable":true,"href":"https:\/\/www.europesays.com\/fr\/wp-json\/wp\/v2\/tags?post=429257"}],"curies":[{"name":"wp","href":"https:\/\/api.w.org\/{rel}","templated":true}]}}