{"id":429266,"date":"2025-09-30T18:48:14","date_gmt":"2025-09-30T18:48:14","guid":{"rendered":"https:\/\/www.europesays.com\/fr\/429266\/"},"modified":"2025-09-30T18:48:14","modified_gmt":"2025-09-30T18:48:14","slug":"ligue-des-champions-en-video-le-penalty-reussi-de-mbappe-qui-lance-le-real-madrid-au-kazakhstan-le-figaro","status":"publish","type":"post","link":"https:\/\/www.europesays.com\/fr\/429266\/","title":{"rendered":"Ligue des champions : en vid\u00e9o, le penalty r\u00e9ussi de Mbapp\u00e9 qui lance le Real Madrid au Kazakhstan &#8211; Le Figaro"},"content":{"rendered":"<ol>\n<li><a href=\"https:\/\/news.google.com\/rss\/articles\/CBMi9wFBVV95cUxQWlZEUUVYclQzTkw4OWw0bXlBU2dSQ1FqWWJnXzNsOXc1OUJMLVdGTjZEaTR5ZkhFRXdOV0Vxc2drVHV5Z3lkQU10MWljS3JKS2VFNFJBRUxocmJTaFktdXJSeWNwWkJxTEFNUkZFQmp6c0N5aWpveWFXS01GTVozU2lNbjdvZzN6c2ZfejJWOXZHU1E5WmszTVphSWZnaUxpX1oxRnkwUjhoeXFoNmg5UzRibDdEbm9rVHpMRFNrRk5yS0xYZy1yNmJJYjNIRlA3NnVYSnpDVTdOcHRkb1BIY3NEX053VzFQeVd6OTJGOGhpY2ZKZmRn?oc=5\" target=\"_blank\" rel=\"nofollow noopener\">Ligue des champions : en vid\u00e9o, le penalty r\u00e9ussi de Mbapp\u00e9 qui lance le Real Madrid au Kazakhstan<\/a>&nbsp;&nbsp;Le Figaro<\/li>\n<li><a href=\"https:\/\/news.google.com\/rss\/articles\/CBMixwFBVV95cUxNZzFFUVkwVkhIbnpLVVh5WFROREN5UllZVGRYbGRHdDVra3JEd2NSVzdkU1BsMGVZcTljTmEyaVJDclpNYmQzekFlSm9fUEpIS3JpbEstSHpYYkJUa2p5N0lnOS1aUmpuOEoycmdlV1Y5ZEQyaVpySk1JSExUUmZHT2t5dkpZUG9Nb1I0WHFSekdIT0JZMFd4OXRpbUdRNldLWUEtMlZPZUNzSy1UTjFmSklTWGRGSnM0cXZha25IU3ZnWE01T19B?oc=5\" target=\"_blank\" rel=\"nofollow noopener\">Kylian Mbapp\u00e9 d\u00e9passe Thierry Henry au nombre de buts marqu\u00e9s en Coupe d&rsquo;Europe<\/a>&nbsp;&nbsp;L&rsquo;\u00c9quipe<\/li>\n<li><a href=\"https:\/\/news.google.com\/rss\/articles\/CBMivgFBVV95cUxQNWJrTmNZZlpsM2E3R0l3ZlNnWHpILW5hbEVuMHh3c0pIaXpRbGJTTGQxdS1GUERocDl4dGFqeDFsdl9yREx4aDJ0S09mSU5ndDVBVnFOSGUzSUR4Q2M2WFdvT0ZuVlEyaWtSSXNqMWg3bXlyZkozcW1TU1FDUnYtel9yWDB4NHo1R2dMNUtmbjBiVThiMTVGTFBTQWJpYTdhQkI3VzB5UnZxWW0tcTY4TVpWSFNhMWxTLUVSbk1R?oc=5\" target=\"_blank\" rel=\"nofollow noopener\">Le sprint et le piqu\u00e9 subtil de Mbapp\u00e9 pour faire le break face \u00e0 Almaty<\/a>&nbsp;&nbsp;Foot Mercato<\/li>\n<li><a href=\"https:\/\/news.google.com\/rss\/articles\/CBMimgJBVV95cUxNYVV0QkFXT3VuQlVtdmM0NHVtQlhCOU92WHdHdHVSNGcxRTlmaW5DdXRGbXQ2ZVAwMVpkdE1YblY5NkNhbTA3M0lVOF9sV3R5WG4yaW04VUJXWWVUQ0huNWMyUUpvd0ctXzJKdll5RTRBZHRVYkcxdHhKSmJVVV80SHF3alYyaF9uMml3NUxkZ2k1MERVLWtnSXVmLTZnU0RSME1Gam5ibnJ2Z1VyZHo3clgxV1FNcTRDbU5CcFowQlo5dlZGUmw2MVc5anFnVUthTC1GakNqWmhsSEFObU9heGxNT251aWhROUY2ektGWTFhWUVsc2hPakE0T0VFNkdmS1hzbmpLN2tvZnpXUkhvZUlfN1BiZ2Rocmc?oc=5\" target=\"_blank\" rel=\"nofollow noopener\">DIRECT. Ka\u00efrat Almaty-Real Madrid: un tripl\u00e9 de Mbapp\u00e9 et un Real spectaculaire au Kazakhstan<\/a>&nbsp;&nbsp;RMC Sport<\/li>\n<li><a href=\"https:\/\/news.google.com\/rss\/articles\/CBMi1gFBVV95cUxPYVJTbHBWR0F6RUNxSjJXZTZrWGg5N2R5dUtKWHlPSGYwN2NpT0Q1eU44WmpoSVN4NmV5aC0yUlNOWkNvSElub01NTkE2UUhxX0RYN0szZzQ2N3pVcUdtRWd1X0FramNTcDV3TjdZQXQ5ZHFrOUg5UGFidFVxWXJUMEpCdG01YTJFQm9wTk1RR2pIZmtkNFdhTkc3VTF5RDVpRXA4M2hxWFpDNk43ejFCb0xZa3VMa1lKLUxqcDU2MmRXb3BFNnFoeDFJcEVBY2ljVTAxVm1R?oc=5\" target=\"_blank\" rel=\"nofollow noopener\">Avec le Ka\u00efrat Almaty, la Ligue des champions pousse toujours plus \u00e0 l\u2019est<\/a>&nbsp;&nbsp;Le Monde.fr<\/li>\n<\/ol>\n","protected":false},"excerpt":{"rendered":"Ligue des champions : en vid\u00e9o, le penalty r\u00e9ussi de Mbapp\u00e9 qui lance le Real Madrid au Kazakhstan&nbsp;&nbsp;Le&hellip;\n","protected":false},"author":2,"featured_media":429267,"comment_status":"","ping_status":"","sticky":false,"template":"","format":"standard","meta":{"footnotes":""},"categories":[9],"tags":[1011,27,6477,60],"class_list":{"0":"post-429266","1":"post","2":"type-post","3":"status-publish","4":"format-standard","5":"has-post-thumbnail","7":"category-sports","8":"tag-fr","9":"tag-france","10":"tag-kylian-mbappe","11":"tag-sports"},"share_on_mastodon":{"url":"https:\/\/pubeurope.com\/@fr\/115294745922408384","error":""},"_links":{"self":[{"href":"https:\/\/www.europesays.com\/fr\/wp-json\/wp\/v2\/posts\/429266","targetHints":{"allow":["GET"]}}],"collection":[{"href":"https:\/\/www.europesays.com\/fr\/wp-json\/wp\/v2\/posts"}],"about":[{"href":"https:\/\/www.europesays.com\/fr\/wp-json\/wp\/v2\/types\/post"}],"author":[{"embeddable":true,"href":"https:\/\/www.europesays.com\/fr\/wp-json\/wp\/v2\/users\/2"}],"replies":[{"embeddable":true,"href":"https:\/\/www.europesays.com\/fr\/wp-json\/wp\/v2\/comments?post=429266"}],"version-history":[{"count":0,"href":"https:\/\/www.europesays.com\/fr\/wp-json\/wp\/v2\/posts\/429266\/revisions"}],"wp:featuredmedia":[{"embeddable":true,"href":"https:\/\/www.europesays.com\/fr\/wp-json\/wp\/v2\/media\/429267"}],"wp:attachment":[{"href":"https:\/\/www.europesays.com\/fr\/wp-json\/wp\/v2\/media?parent=429266"}],"wp:term":[{"taxonomy":"category","embeddable":true,"href":"https:\/\/www.europesays.com\/fr\/wp-json\/wp\/v2\/categories?post=429266"},{"taxonomy":"post_tag","embeddable":true,"href":"https:\/\/www.europesays.com\/fr\/wp-json\/wp\/v2\/tags?post=429266"}],"curies":[{"name":"wp","href":"https:\/\/api.w.org\/{rel}","templated":true}]}}