{"id":429268,"date":"2025-09-30T18:49:11","date_gmt":"2025-09-30T18:49:11","guid":{"rendered":"https:\/\/www.europesays.com\/fr\/429268\/"},"modified":"2025-09-30T18:49:11","modified_gmt":"2025-09-30T18:49:11","slug":"le-musicien-denis-raisin-dadre-retrouve-mort-le-parquet-ouvre-une-enquete-pour-meurtre","status":"publish","type":"post","link":"https:\/\/www.europesays.com\/fr\/429268\/","title":{"rendered":"Le musicien Denis Raisin Dadre retrouv\u00e9 mort, le parquet ouvre une enqu\u00eate pour meurtre"},"content":{"rendered":"<p>Le corps du musicien Denis Raisin Dadre a \u00e9t\u00e9 retrouv\u00e9 lundi dans son appartement de Tours, a appris l\u2019AFP mardi aupr\u00e8s du parquet. Une enqu\u00eate pour homicide volontaire a \u00e9t\u00e9 ouverte.<\/p>\n<p>L\u2019artiste, \u00e0 la renomm\u00e9e internationale et figure de la <a href=\"https:\/\/www.20minutes.fr\/tempo\/4129448-20241218-hip-hop-symphonique-rappeur-josman-devant-orchestre-philharmonique-radio-france\" class=\"c-link c-link--is-underlined\" target=\"_blank\" rel=\"noopener\">musique ancienne<\/a>, a \u00e9t\u00e9 retrouv\u00e9 mort lundi dans un appartement du <a href=\"https:\/\/www.20minutes.fr\/societe\/4111991-20240925-tours-abattement-100-taxe-fonciere-seduire-certain-futurs-proprietaires\" class=\"c-link c-link--is-underlined\" target=\"_blank\" rel=\"noopener\">Vieux Tours<\/a>, \u00e0 l\u2019\u00e2ge de 69 ans.<\/p>\n<p>Pr\u00e9sence de drogues au domicile<\/p>\n<p>Une enqu\u00eate pour <a href=\"https:\/\/www.20minutes.fr\/faits_divers\/4090507-20240510-loire-enquete-ouverte-homicide-volontaire-apres-meurtre-homme-28-ans\" class=\"c-link c-link--is-underlined\" target=\"_blank\" rel=\"noopener\">homicide volontaire<\/a> a \u00e9t\u00e9 ouverte, a indiqu\u00e9 \u00e0 l\u2019AFP la procureure de la R\u00e9publique de la ville Catherine Sorita-Minard, confirmant une information de La Nouvelle R\u00e9publique.<\/p>\n<p><a href=\"https:\/\/www.20minutes.fr\/dossier\/homicide\" class=\"c-link c-btn c-btn--primary\" target=\"_blank\" rel=\"noopener\">Notre dossier Homicides<\/a><\/p>\n<p>La pr\u00e9sence de drogues \u00e0 son domicile a \u00e9t\u00e9 constat\u00e9e et une autopsie du corps de la victime doit se d\u00e9rouler jeudi, a ajout\u00e9 la procureure.<\/p>\n<p>Denis Raisin Dadre dirigeait notamment<a href=\"https:\/\/www.doulcememoire.com\/presentation\/denis-raisin-dadre\/\" rel=\"nofollow noopener\" target=\"_blank\" class=\"c-link c-link--is-underlined\"> l\u2019ensemble Doulce M\u00e9moire<\/a>, qui transportait son public au temps de la <a href=\"https:\/\/www.20minutes.fr\/dossier\/histoire\" class=\"c-link c-link--is-underlined\" target=\"_blank\" rel=\"noopener\">Renaissance<\/a> et qui se produisait sur la sc\u00e8ne internationale.<\/p>\n","protected":false},"excerpt":{"rendered":"Le corps du musicien Denis Raisin Dadre a \u00e9t\u00e9 retrouv\u00e9 lundi dans son appartement de Tours, a appris&hellip;\n","protected":false},"author":2,"featured_media":429269,"comment_status":"","ping_status":"","sticky":false,"template":"","format":"standard","meta":{"footnotes":""},"categories":[8],"tags":[47,7343,251,58,1067,59,1011,27,2683,1387,303,873,2936,1072,1390],"class_list":{"0":"post-429268","1":"post","2":"type-post","3":"status-publish","4":"format-standard","5":"has-post-thumbnail","7":"category-divertissement","8":"tag-actualite","9":"tag-centre-val-de-loire","10":"tag-culture","11":"tag-divertissement","12":"tag-enquete","13":"tag-entertainment","14":"tag-fr","15":"tag-france","16":"tag-homicide","17":"tag-indre-et-loire","18":"tag-justice","19":"tag-musique","20":"tag-musique-classique","21":"tag-police","22":"tag-tours"},"share_on_mastodon":{"url":"https:\/\/pubeurope.com\/@fr\/115294749670107148","error":""},"_links":{"self":[{"href":"https:\/\/www.europesays.com\/fr\/wp-json\/wp\/v2\/posts\/429268","targetHints":{"allow":["GET"]}}],"collection":[{"href":"https:\/\/www.europesays.com\/fr\/wp-json\/wp\/v2\/posts"}],"about":[{"href":"https:\/\/www.europesays.com\/fr\/wp-json\/wp\/v2\/types\/post"}],"author":[{"embeddable":true,"href":"https:\/\/www.europesays.com\/fr\/wp-json\/wp\/v2\/users\/2"}],"replies":[{"embeddable":true,"href":"https:\/\/www.europesays.com\/fr\/wp-json\/wp\/v2\/comments?post=429268"}],"version-history":[{"count":0,"href":"https:\/\/www.europesays.com\/fr\/wp-json\/wp\/v2\/posts\/429268\/revisions"}],"wp:featuredmedia":[{"embeddable":true,"href":"https:\/\/www.europesays.com\/fr\/wp-json\/wp\/v2\/media\/429269"}],"wp:attachment":[{"href":"https:\/\/www.europesays.com\/fr\/wp-json\/wp\/v2\/media?parent=429268"}],"wp:term":[{"taxonomy":"category","embeddable":true,"href":"https:\/\/www.europesays.com\/fr\/wp-json\/wp\/v2\/categories?post=429268"},{"taxonomy":"post_tag","embeddable":true,"href":"https:\/\/www.europesays.com\/fr\/wp-json\/wp\/v2\/tags?post=429268"}],"curies":[{"name":"wp","href":"https:\/\/api.w.org\/{rel}","templated":true}]}}