{"id":429295,"date":"2025-09-30T19:04:29","date_gmt":"2025-09-30T19:04:29","guid":{"rendered":"https:\/\/www.europesays.com\/fr\/429295\/"},"modified":"2025-09-30T19:04:29","modified_gmt":"2025-09-30T19:04:29","slug":"j11-sm-caen-fc-rouen-programme-le-21-octobre-a-20h00-infos-match-billet-smc","status":"publish","type":"post","link":"https:\/\/www.europesays.com\/fr\/429295\/","title":{"rendered":"J11 &#8211; SM Caen \/ FC Rouen programm\u00e9 le 21 octobre \u00e0 20h00 | infos match &#8211; billet SMC"},"content":{"rendered":"<p>                                        Infos club<br \/>\n                        le 30\/09\/2025 \u00e0 14:26                    <\/p>\n<p>                <img loading=\"lazy\" decoding=\"async\" src=\"https:\/\/www.europesays.com\/fr\/wp-content\/uploads\/2025\/09\/billetterie_870-550_fcr.png\" width=\"870\" height=\"550\" alt=\"\"\/>                            <\/p>\n<p style=\"text-align: justify;\">Afin de permettre \u00e0 un plus grand nombre d&rsquo;assister \u00e0 cette rencontre, le SM Caen et le FC Rouen se sont mis d&rsquo;accord pour d\u00e9caler le coup-d&rsquo;envoi \u00e0 20h00. Cette rencontre comptant pour la 11e journ\u00e9e de National \u00e9tait initialement programm\u00e9e \u00e0 19h30.\u00a0\u00a0<\/p>\n<p>Afficher le sous titre:\u00a0<\/p>\n<p>\n            Partager cet article sur :<\/p>\n","protected":false},"excerpt":{"rendered":"Infos club le 30\/09\/2025 \u00e0 14:26 Afin de permettre \u00e0 un plus grand nombre d&rsquo;assister \u00e0 cette rencontre,&hellip;\n","protected":false},"author":2,"featured_media":429296,"comment_status":"","ping_status":"","sticky":false,"template":"","format":"standard","meta":{"footnotes":""},"categories":[9587],"tags":[1111,11,13809,1777,674,1011,27,13810,13808,12,5161,25,9590],"class_list":{"0":"post-429295","1":"post","2":"type-post","3":"status-publish","4":"format-standard","5":"has-post-thumbnail","7":"category-rouen","8":"tag-actu","9":"tag-actualites","10":"tag-billet-smc","11":"tag-eu","12":"tag-europe","13":"tag-fr","14":"tag-france","15":"tag-informations-stade-malherbe-de-caen","16":"tag-infos-match","17":"tag-news","18":"tag-normandie","19":"tag-republique-francaise","20":"tag-rouen"},"share_on_mastodon":{"url":"https:\/\/pubeurope.com\/@fr\/115294809012273098","error":""},"_links":{"self":[{"href":"https:\/\/www.europesays.com\/fr\/wp-json\/wp\/v2\/posts\/429295","targetHints":{"allow":["GET"]}}],"collection":[{"href":"https:\/\/www.europesays.com\/fr\/wp-json\/wp\/v2\/posts"}],"about":[{"href":"https:\/\/www.europesays.com\/fr\/wp-json\/wp\/v2\/types\/post"}],"author":[{"embeddable":true,"href":"https:\/\/www.europesays.com\/fr\/wp-json\/wp\/v2\/users\/2"}],"replies":[{"embeddable":true,"href":"https:\/\/www.europesays.com\/fr\/wp-json\/wp\/v2\/comments?post=429295"}],"version-history":[{"count":0,"href":"https:\/\/www.europesays.com\/fr\/wp-json\/wp\/v2\/posts\/429295\/revisions"}],"wp:featuredmedia":[{"embeddable":true,"href":"https:\/\/www.europesays.com\/fr\/wp-json\/wp\/v2\/media\/429296"}],"wp:attachment":[{"href":"https:\/\/www.europesays.com\/fr\/wp-json\/wp\/v2\/media?parent=429295"}],"wp:term":[{"taxonomy":"category","embeddable":true,"href":"https:\/\/www.europesays.com\/fr\/wp-json\/wp\/v2\/categories?post=429295"},{"taxonomy":"post_tag","embeddable":true,"href":"https:\/\/www.europesays.com\/fr\/wp-json\/wp\/v2\/tags?post=429295"}],"curies":[{"name":"wp","href":"https:\/\/api.w.org\/{rel}","templated":true}]}}