{"id":429297,"date":"2025-09-30T19:05:17","date_gmt":"2025-09-30T19:05:17","guid":{"rendered":"https:\/\/www.europesays.com\/fr\/429297\/"},"modified":"2025-09-30T19:05:17","modified_gmt":"2025-09-30T19:05:17","slug":"grenoble-38-artisans-potiers-et-leurs-creations-au-jardin-de-ville-ce-samedi-4-octobre","status":"publish","type":"post","link":"https:\/\/www.europesays.com\/fr\/429297\/","title":{"rendered":"Grenoble. 38 artisans potiers et leurs cr\u00e9ations au Jardin de ville ce samedi 4\u00a0octobre"},"content":{"rendered":"<p>Il s\u2019agira de la quatri\u00e8me \u00e9dition\u00a0: le march\u00e9 de potiers de Grenoble fait son retour ce samedi 4\u00a0octobre. Organis\u00e9 par l\u2019association d\u2019artisans d\u2019art C\u2019est Fait Ici, l\u2019\u00e9v\u00e9nement est l\u2019occasion de pr\u00e9senter des productions diverses (vaisselles, d\u00e9coration, pi\u00e8ces uniques, bijoux).<\/p>\n<p>38 c\u00e9ramistes venus de Grenoble et de toute la r\u00e9gion seront rassembl\u00e9s au Jardin de ville.<\/p>\n<p class=\"note\">Samedi 4\u00a0octobre de 10 heures \u00e0 18h30 au Jardin de ville \u00e0 Grenoble. Gratuit.<\/p>\n","protected":false},"excerpt":{"rendered":"Il s\u2019agira de la quatri\u00e8me \u00e9dition\u00a0: le march\u00e9 de potiers de Grenoble fait son retour ce samedi 4\u00a0octobre.&hellip;\n","protected":false},"author":2,"featured_media":429298,"comment_status":"","ping_status":"","sticky":false,"template":"","format":"standard","meta":{"footnotes":""},"categories":[9566],"tags":[1111,11,2430,1687,112,1777,674,3326,1011,27,2731,2732,12,25],"class_list":{"0":"post-429297","1":"post","2":"type-post","3":"status-publish","4":"format-standard","5":"has-post-thumbnail","7":"category-grenoble","8":"tag-actu","9":"tag-actualites","10":"tag-auvergne-rhone-alpes","11":"tag-culture-loisirs","12":"tag-edition-grenoble-agglomeration","13":"tag-eu","14":"tag-europe","15":"tag-fete-locale","16":"tag-fr","17":"tag-france","18":"tag-grenoble","19":"tag-grenoble-bassin","20":"tag-news","21":"tag-republique-francaise"},"share_on_mastodon":{"url":"https:\/\/pubeurope.com\/@fr\/115294812481676476","error":""},"_links":{"self":[{"href":"https:\/\/www.europesays.com\/fr\/wp-json\/wp\/v2\/posts\/429297","targetHints":{"allow":["GET"]}}],"collection":[{"href":"https:\/\/www.europesays.com\/fr\/wp-json\/wp\/v2\/posts"}],"about":[{"href":"https:\/\/www.europesays.com\/fr\/wp-json\/wp\/v2\/types\/post"}],"author":[{"embeddable":true,"href":"https:\/\/www.europesays.com\/fr\/wp-json\/wp\/v2\/users\/2"}],"replies":[{"embeddable":true,"href":"https:\/\/www.europesays.com\/fr\/wp-json\/wp\/v2\/comments?post=429297"}],"version-history":[{"count":0,"href":"https:\/\/www.europesays.com\/fr\/wp-json\/wp\/v2\/posts\/429297\/revisions"}],"wp:featuredmedia":[{"embeddable":true,"href":"https:\/\/www.europesays.com\/fr\/wp-json\/wp\/v2\/media\/429298"}],"wp:attachment":[{"href":"https:\/\/www.europesays.com\/fr\/wp-json\/wp\/v2\/media?parent=429297"}],"wp:term":[{"taxonomy":"category","embeddable":true,"href":"https:\/\/www.europesays.com\/fr\/wp-json\/wp\/v2\/categories?post=429297"},{"taxonomy":"post_tag","embeddable":true,"href":"https:\/\/www.europesays.com\/fr\/wp-json\/wp\/v2\/tags?post=429297"}],"curies":[{"name":"wp","href":"https:\/\/api.w.org\/{rel}","templated":true}]}}