{"id":429316,"date":"2025-09-30T19:15:11","date_gmt":"2025-09-30T19:15:11","guid":{"rendered":"https:\/\/www.europesays.com\/fr\/429316\/"},"modified":"2025-09-30T19:15:11","modified_gmt":"2025-09-30T19:15:11","slug":"vous-etes-a-cote-de-la-plaque-a-bordeaux-le-maire-pierre-hurmic-severement-accroche-sur-le-theme-de-la-securite","status":"publish","type":"post","link":"https:\/\/www.europesays.com\/fr\/429316\/","title":{"rendered":"\u00ab\u00a0Vous \u00eates \u00e0 c\u00f4t\u00e9 de la plaque\u00a0!\u00a0\u00bb A Bordeaux, le maire Pierre Hurmic s\u00e9v\u00e8rement accroch\u00e9 sur le th\u00e8me de la s\u00e9curit\u00e9"},"content":{"rendered":"<p>On sait que le th\u00e8me de la s\u00e9curit\u00e9 sera au c\u0153ur de la campagne des \u00e9lections municipales des 15 et 22\u00a0mars 2026. \u00c0 Bordeaux, depuis plusieurs mois, elle est d\u00e9j\u00e0 au menu de quasiment toutes les s\u00e9ances du Conseil municipal. Ce mercredi 30\u00a0septembre, le ton est mont\u00e9. Alors qu\u2019il se f\u00e9licitait des r\u00e9sultats de sa politique en mati\u00e8re de s\u00e9curit\u00e9, le maire \u00e9cologiste Pierre Hurmic a \u00e9t\u00e9 s\u00e9v\u00e8rement accroch\u00e9 par son opposition.<\/p>\n<p>La d\u00e9lib\u00e9ration 246 sur \u00ab\u00a0l\u2019indemnit\u00e9 sp\u00e9ciale de fonction et d\u2019engagement des agents de la fili\u00e8re police municipale\u00a0\u00bb avait tout du baril de poudre. Il a saut\u00e9 d\u00e8s les premiers \u00e9changes. La majorit\u00e9 a d\u00e9cid\u00e9 d\u2019augmenter la part variable de l\u2019indemnit\u00e9 des policiers municipaux, une mesure permise par d\u00e9cret depuis 2024. \u00ab\u00a0Que de temps perdu, c\u2019est une demi-mesure, une goutte d\u2019eau\u00a0\u00bb, ironise Catherine Fabre (Renaissance), affirmant que l\u2019indemnit\u00e9 pouvait \u00eatre port\u00e9e au maximum depuis un an, ce qui aurait marqu\u00e9 l\u2019engagement de la municipalit\u00e9 aupr\u00e8s de sa police. \u00ab\u00a0Il faut armer tous les policiers, les aider \u00e0 se loger. Le compte n\u2019y est pas\u00a0\u00bb, ajoute-t-elle.<\/p>\n<p>Adjoint charg\u00e9 de la s\u00e9curit\u00e9, Marc Etcheverry lui rappelle que le pr\u00e9fet en personne a f\u00e9licit\u00e9 le maire, en juin dernier, pour ses efforts en mati\u00e8re de s\u00e9curit\u00e9. Il \u00e9gr\u00e8ne les r\u00e9alisations\u00a0: r\u00e9mun\u00e9ration des policiers augment\u00e9e de 20\u00a0% depuis 2020, armement d\u2019une brigade d\u2019intervention, cr\u00e9ation d\u2019une \u00e9cole de la s\u00e9curit\u00e9\u2026<\/p>\n<p>\u00ab\u00a0Je suis choqu\u00e9\u00a0\u00bb<\/p>\n<p>L\u2019opposition crie alors \u00e0 l\u2019autosatisfaction. \u00ab\u00a0Je suis choqu\u00e9 par ce que j\u2019ai entendu, lance le d\u00e9put\u00e9 Renaissance Thomas Cazenave, vous dites dans les m\u00e9dias que la d\u00e9linquance a baiss\u00e9 depuis 2019. J\u2019ai repris les chiffres publics\u00a0: +\u00a085 pour les coups et blessures, +\u00a052\u00a0% pour les vols avec arme, +\u00a030\u00a0% pour les stups. \u00c9coutez les Bordelais pour comprendre qu\u2019ils attendent des r\u00e9ponses plus fermes. Il y a\u00a070 postes vacants dans la police municipale, il faut rallumer l\u2019\u00e9clairage dans toute la ville, nous avons besoin d\u2019une rupture.\u00a0\u00bb<\/p>\n<p>\u00ab\u00a0Je suis l\u2019un des maires qui a le plus investi sur la s\u00e9curit\u00e9. Par rapport \u00e0 2019, la d\u00e9linquance a baiss\u00e9 de 4\u00a0%\u00a0\u00bb, r\u00e9pond Pierre Hurmic, qui d\u00e9nonce \u00ab\u00a0des propos d\u00e9magogiques\u00a0\u00bb, taxe l\u2019opposition de \u00ab\u00a0trumpisme\u00a0\u00bb, et finit par lui reprocher de courir \u00ab\u00a0apr\u00e8s le RN\u00a0\u00bb. Bronca dans l\u2019h\u00e9micycle. Ses propos sont jug\u00e9s \u00ab\u00a0odieux\u00a0\u00bb par Catherine Fabre. \u00ab\u00a0La question de la s\u00e9curit\u00e9 n\u2019est pas bien abord\u00e9e, c\u2019est \u00e7a qui fait pousser le RN. Je n\u2019\u00e9tais pas d\u2019accord pour l\u2019armement de la police, j\u2019ai \u00e9volu\u00e9. La lumi\u00e8re doit \u00eatre rallum\u00e9e les rues, ce n\u2019est pas possible que vous n\u2019entendiez pas \u00e7a\u00a0!\u00a0\u00bb, temp\u00eate Alexandra Siarri, l\u2019ex-adjointe de Jupp\u00e9 qui brigue la mairie avec Thomas Cazenave.<\/p>\n<p>Les esprits s\u2019\u00e9chauffent. Marc Etcheverry demande \u00e0 Cazenave combien de policiers il veut, \u00ab\u00a0300\u00a0? 400\u00a0? C\u2019est faire fi des r\u00e9alit\u00e9s budg\u00e9taires, pas \u00e9tonnant au regard de ce qui s\u2019est pass\u00e9 \u00e0 Bercy\u00a0\u00bb quand l\u2019opposant \u00e9tait ministre des comptes publics. Les \u00e9changent s\u2019ach\u00e8vent par une suspension de s\u00e9ance. Mais c\u2019est certain, le sujet reviendra.<\/p>\n","protected":false},"excerpt":{"rendered":"On sait que le th\u00e8me de la s\u00e9curit\u00e9 sera au c\u0153ur de la campagne des \u00e9lections municipales des&hellip;\n","protected":false},"author":2,"featured_media":429317,"comment_status":"","ping_status":"","sticky":false,"template":"","format":"standard","meta":{"footnotes":""},"categories":[2817],"tags":[1111,11,1997,1777,674,1011,27,12,2219,25],"class_list":{"0":"post-429316","1":"post","2":"type-post","3":"status-publish","4":"format-standard","5":"has-post-thumbnail","7":"category-bordeaux","8":"tag-actu","9":"tag-actualites","10":"tag-bordeaux","11":"tag-eu","12":"tag-europe","13":"tag-fr","14":"tag-france","15":"tag-news","16":"tag-nouvelle-aquitaine","17":"tag-republique-francaise"},"share_on_mastodon":{"url":"https:\/\/pubeurope.com\/@fr\/115294852048014690","error":""},"_links":{"self":[{"href":"https:\/\/www.europesays.com\/fr\/wp-json\/wp\/v2\/posts\/429316","targetHints":{"allow":["GET"]}}],"collection":[{"href":"https:\/\/www.europesays.com\/fr\/wp-json\/wp\/v2\/posts"}],"about":[{"href":"https:\/\/www.europesays.com\/fr\/wp-json\/wp\/v2\/types\/post"}],"author":[{"embeddable":true,"href":"https:\/\/www.europesays.com\/fr\/wp-json\/wp\/v2\/users\/2"}],"replies":[{"embeddable":true,"href":"https:\/\/www.europesays.com\/fr\/wp-json\/wp\/v2\/comments?post=429316"}],"version-history":[{"count":0,"href":"https:\/\/www.europesays.com\/fr\/wp-json\/wp\/v2\/posts\/429316\/revisions"}],"wp:featuredmedia":[{"embeddable":true,"href":"https:\/\/www.europesays.com\/fr\/wp-json\/wp\/v2\/media\/429317"}],"wp:attachment":[{"href":"https:\/\/www.europesays.com\/fr\/wp-json\/wp\/v2\/media?parent=429316"}],"wp:term":[{"taxonomy":"category","embeddable":true,"href":"https:\/\/www.europesays.com\/fr\/wp-json\/wp\/v2\/categories?post=429316"},{"taxonomy":"post_tag","embeddable":true,"href":"https:\/\/www.europesays.com\/fr\/wp-json\/wp\/v2\/tags?post=429316"}],"curies":[{"name":"wp","href":"https:\/\/api.w.org\/{rel}","templated":true}]}}