{"id":429323,"date":"2025-09-30T19:19:21","date_gmt":"2025-09-30T19:19:21","guid":{"rendered":"https:\/\/www.europesays.com\/fr\/429323\/"},"modified":"2025-09-30T19:19:21","modified_gmt":"2025-09-30T19:19:21","slug":"du-18-octobre-au-11-novembre-2025-le-cirque-pinder-plantera-son-chapiteau-sur-le-champ-de-mars-de-lille","status":"publish","type":"post","link":"https:\/\/www.europesays.com\/fr\/429323\/","title":{"rendered":"Du 18 octobre au 11 novembre 2025, le Cirque PINDER plantera son chapiteau sur le Champ de Mars de Lille"},"content":{"rendered":"<p style=\"text-align: justify;\"><strong>Du 18 octobre au 11 novembre 2025,<\/strong> le <strong>Cirque PINDER<\/strong> <strong>posera ses valises<\/strong> sur le <strong>Champ de Mars de Lille.<\/strong><\/p>\n<p style=\"text-align: justify;\"><strong>Apr\u00e8s plusieurs ann\u00e9es d\u2019absence,<\/strong> <strong>le plus prestigieux cirque d\u2019Europe<\/strong> <strong>revient sur les routes de France<\/strong> et arrive \u00e0 <strong>Lille plus p\u00e9tillant que jamais<\/strong> avec <strong>un nouveau chapiteau au confort r\u00e9volutionnaire<\/strong> dot\u00e9 de <strong>1650 places en fauteuils individuels.<\/strong><\/p>\n<p style=\"text-align: justify;\"><strong>PINDER <\/strong>reste le <strong>g\u00e9ant du cirque en France<\/strong> avec <strong>un nom incontournable<\/strong> et <strong>une position de leader. <\/strong>Cette <strong>tourn\u00e9e<\/strong>, qui a <strong>d\u00e9but\u00e9 en f\u00e9vrier \u00e0 Toulouse,<\/strong> a d\u00e9j\u00e0 accueilli \u00e0 ce jour, plus de <strong>500 000 spectateurs<\/strong>.<\/p>\n<p><img loading=\"lazy\" decoding=\"async\" width=\"697\" height=\"980\" src=\"https:\/\/www.europesays.com\/fr\/wp-content\/uploads\/2025\/09\/pinder_lille_2025_02.jpg\" alt=\"\" class=\"wp-image-87426\" style=\"aspect-ratio:0.7112244897959183;object-fit:cover;width:300px\"  \/><\/p>\n<p><strong>Pr\u00e9sentation du spectacle<\/strong><\/p>\n<p style=\"text-align: justify;\"><strong>Un spectacle de cirque sans clown, n\u2019est pas un spectacle de cirque\u00a0!<\/strong><\/p>\n<p style=\"text-align: justify;\"><strong>Les Saly\u2019s<\/strong> sont<strong> italiens.<\/strong> Ils <strong>jouent de plus de 15 instruments <\/strong>et<strong> prennent les spectateurs dans un pi\u00e8ge d\u00e9sopilant <\/strong>qui va <strong>faire hurler de rire les petits<\/strong> et l<strong>es grands\u2026<\/strong><\/p>\n<p><img loading=\"lazy\" decoding=\"async\" width=\"1024\" height=\"682\" src=\"https:\/\/www.europesays.com\/fr\/wp-content\/uploads\/2025\/09\/pinder_lille_2025_07-1024x682.jpg\" alt=\"\" class=\"wp-image-87431\" style=\"aspect-ratio:1.501466275659824;width:500px;height:auto\"  \/><\/p>\n<p style=\"text-align: center;\">Cr\u00e9dit photo : \u00a9 Fran\u00e7ois Dehurtevent<\/p>\n<p style=\"text-align: justify;\">C\u2019est en <strong>Am\u00e9rique du Sud <\/strong>que l\u2019on trouve les <strong>plus grandes troupes de trap\u00e9zistes volants au monde.<\/strong> <strong>Les Flying Zuniga<\/strong> viennent du <strong>Br\u00e9sil<\/strong> et ont <strong>obtenu un Clown de bronze <\/strong>lors du <strong>36\u00e8me Festival de Cirque de Monte-Carlo. <\/strong>Pr\u00e9parez-vous \u00e0 assister \u00e0 ce qui demeure <strong>l\u2019une des figures les plus difficile au cirque\u00a0: <\/strong>le <strong>triple saut p\u00e9rilleux.<\/strong><\/p>\n<p style=\"text-align: justify;\">Avec son<strong> cerceau, Alessia Maccagi<\/strong> <strong>s\u2019envole sous la coupole du chapiteau<\/strong> \u00e0 <strong>plus de 8 m\u00e8tres<\/strong> avec <strong>gr\u00e2ce <\/strong>et <strong>po\u00e9sie.<\/strong><\/p>\n<p style=\"text-align: justify;\"><strong>Tisto <\/strong>r\u00e9invente le<strong> Rola-Rola <\/strong>du haut d\u2019un <strong>Rubik\u2019s Cube g\u00e9ant<\/strong> qui <strong>appara\u00eet en un clin d\u2019\u0153il\u2026<\/strong><\/p>\n<p><img decoding=\"async\" loading=\"lazy\" width=\"652\" height=\"980\" src=\"https:\/\/www.europesays.com\/fr\/wp-content\/uploads\/2025\/09\/pinder_lille_2025_08.jpg\" alt=\"\" class=\"wp-image-87432\" style=\"aspect-ratio:0.6653061224489796;object-fit:cover;width:300px\"  \/><\/p>\n<p style=\"text-align: center;\">Cr\u00e9dit photo : \u00a9 Fran\u00e7ois Dehurtevent<\/p>\n<p style=\"text-align: justify;\">Les <strong>ventriloques font en g\u00e9n\u00e9ral parler des marionnettes\u00a0:<\/strong> <strong>Kenneth Huesca, fait plus, beaucoup plus \u2026<\/strong> et <strong>cela devient cocasse\u00a0!<\/strong><\/p>\n<p><img decoding=\"async\" loading=\"lazy\" width=\"1024\" height=\"682\" src=\"https:\/\/www.europesays.com\/fr\/wp-content\/uploads\/2025\/09\/pinder_lille_2025_09-1024x682.jpg\" alt=\"\" class=\"wp-image-87433\" style=\"aspect-ratio:1.501466275659824;width:500px;height:auto\"  \/><\/p>\n<p style=\"text-align: center;\">Cr\u00e9dit photo : \u00a9 Fran\u00e7ois Dehurtevent<\/p>\n<p style=\"text-align: justify;\"><strong>\u00c2mes sensible s\u2019abstenir <\/strong>avec les <strong>arbal\u00e8tes <\/strong>du <strong>Duo Guillermo<\/strong> et une fa\u00e7on de faire <strong>un clin d\u2019\u0153il \u00e0 Guillaume Tell en prenant tous les risques.<\/strong><\/p>\n<tr>\n<td class=\"has-text-align-center\" data-align=\"center\"><img decoding=\"async\" loading=\"lazy\" width=\"1280\" height=\"851\" class=\"wp-image-87427\" style=\"width: 500px;\" src=\"https:\/\/www.europesays.com\/fr\/wp-content\/uploads\/2025\/09\/pinder_lille_2025_03.jpg\" alt=\"\"  \/><\/td>\n<td><img decoding=\"async\" loading=\"lazy\" width=\"1280\" height=\"852\" class=\"wp-image-87430\" style=\"width: 500px;\" src=\"https:\/\/www.europesays.com\/fr\/wp-content\/uploads\/2025\/09\/pinder_lille_2025_06.jpg\" alt=\"\"  \/><\/td>\n<\/tr>\n<p style=\"text-align: center;\">Cr\u00e9dit photos : \u00a9 Fran\u00e7ois Dehurtevent<\/p>\n<p style=\"text-align: justify;\"><strong>Victor Saly<\/strong> est peut-\u00eatre <strong>un jongleur comme les autres<\/strong> quand il s\u2019amuse avec des balles mais il<strong> devient unique quand il joue de la batterie\u2026<\/strong><\/p>\n<p style=\"text-align: justify;\">Rajoutez \u00e0 cela un <strong>num\u00e9ro de fil de fer<\/strong> avec <strong>Joaquim Zuniga<\/strong> et <strong>Anastacia<\/strong> au<strong> trap\u00e8ze Washington\u2026<\/strong><\/p>\n<tr>\n<td><img decoding=\"async\" loading=\"lazy\" width=\"1280\" height=\"853\" class=\"wp-image-87429\" style=\"width: 500px;\" src=\"https:\/\/www.europesays.com\/fr\/wp-content\/uploads\/2025\/09\/pinder_lille_2025_05.jpeg\" alt=\"\"  \/><\/td>\n<td><img decoding=\"async\" loading=\"lazy\" width=\"1280\" height=\"853\" class=\"wp-image-87428\" style=\"width: 500px;\" src=\"https:\/\/www.europesays.com\/fr\/wp-content\/uploads\/2025\/09\/pinder_lille_2025_04.jpeg\" alt=\"\"  \/><\/td>\n<\/tr>\n<p style=\"text-align: center;\">Cr\u00e9dit photos : \u00a9 Fran\u00e7ois Dehurtevent<\/p>\n<p style=\"text-align: justify;\"><strong>Monsieur Loyal <\/strong>vous attend pour <strong>partager 2 heures de spectacle<\/strong> (avec 20 minutes d\u2019entracte). <strong>Corentyn Collin<\/strong> <strong>magnifie l\u2019ensemble des artistes<\/strong> et <strong>vous apprend mille choses sur le cirque en g\u00e9n\u00e9ral<\/strong> et <strong>Pinder en particulier.<\/strong><\/p>\n<p><strong>Repr\u00e9sentations du 18 octobre au 11 novembre 2025 pour 41 repr\u00e9sentations :<\/strong><br \/><strong><img decoding=\"async\" loading=\"lazy\" data-lazy-src=\"https:\/\/www.europesays.com\/fr\/wp-content\/uploads\/2025\/04\/1744100656_185_arrow.png\" width=\"9\" height=\"9\" class=\" size-full wp-image-45 lazyloaded\" src=\"https:\/\/www.europesays.com\/fr\/wp-content\/uploads\/2025\/04\/1744100656_185_arrow.png\" alt=\"\"\/>Tous les jours pendant les vacances scolaires de la Toussaint du 18 octobre au 02 novembre 2025 :<\/strong><br \/>\u2013 du lundi au samedi \u00e0 16h &amp; 19h30<br \/>\u2013 dimanches \u00e0 11h &amp; 15h <\/p>\n<p><strong><img decoding=\"async\" loading=\"lazy\" data-lazy-src=\"https:\/\/www.europesays.com\/fr\/wp-content\/uploads\/2025\/04\/1744100656_185_arrow.png\" width=\"9\" height=\"9\" class=\" size-full wp-image-45 lazyloaded\" src=\"https:\/\/www.europesays.com\/fr\/wp-content\/uploads\/2025\/04\/1744100656_185_arrow.png\" alt=\"\"\/><\/strong> <strong>Apr\u00e8s les vacances scolaires<\/strong><br \/>\u2013 vendredi 07 novembre 2025 \u00e0 19h30 <br \/>\u2013 samedi 08 novembre 2025 \u00e0 16h &amp; 19h30 <br \/>\u2013 dimanche 09 novembre 2025 \u00e0 11h &amp; 15h<br \/>\u2013 lundi 10 novembre 2025 \u00e0 19h30<br \/>\u2013 mardi 11 novembre 2025 \u00e0 11h, 14h &amp; 17h <\/p>\n<p>Infos Pratiques<br \/><strong><img decoding=\"async\" loading=\"lazy\" width=\"9\" height=\"9\" data-lazy-src=\"https:\/\/www.europesays.com\/fr\/wp-content\/uploads\/2025\/04\/1744100656_185_arrow.png\" class=\" size-full wp-image-45 lazyloaded\" src=\"https:\/\/www.europesays.com\/fr\/wp-content\/uploads\/2025\/04\/1744100656_185_arrow.png\" alt=\"\"\/> Prix des places :<\/strong><br \/>\u2013 de 28\u20ac \u00e0 52\u20ac<br \/>\u2013 gratuit pour les enfants de moins de 2 ans\u00a0<br \/><strong>\u2013 promotion sur le site internet du Cirque Pinder jusqu\u2019au 05 octobre 2025 = 50% sur tous les billets<\/strong><\/p>\n<p><img decoding=\"async\" loading=\"lazy\" data-lazy-src=\"https:\/\/www.europesays.com\/fr\/wp-content\/uploads\/2025\/04\/1744100656_185_arrow.png\" width=\"9\" height=\"9\" class=\" size-full wp-image-45 lazyloaded\" src=\"https:\/\/www.europesays.com\/fr\/wp-content\/uploads\/2025\/04\/1744100656_185_arrow.png\" alt=\"\"\/> <a href=\"https:\/\/www.cirquepinder.com\/\" target=\"_blank\" rel=\"noreferrer noopener nofollow\">Site internet du Cirque Pinder<\/a><br \/><img decoding=\"async\" loading=\"lazy\" data-lazy-src=\"https:\/\/www.europesays.com\/fr\/wp-content\/uploads\/2025\/04\/1744100656_185_arrow.png\" width=\"9\" height=\"9\" class=\" size-full wp-image-45 lazyloaded\" src=\"https:\/\/www.europesays.com\/fr\/wp-content\/uploads\/2025\/04\/1744100656_185_arrow.png\" alt=\"\"\/> <a href=\"https:\/\/www.facebook.com\/CirquePinderOfficiel\" target=\"_blank\" rel=\"noreferrer noopener nofollow\">Facebook<\/a> et <a href=\"https:\/\/www.instagram.com\/cirquepinderofficiel\/\" target=\"_blank\" rel=\"noreferrer noopener nofollow\">Instagram<\/a> du <strong>Cirque Pinder<\/strong> (articles de presse, vid\u00e9os\u2026)<\/p>\n<p class=\"has-text-align-right\">Source et images-photos : DR \u2013 \u00a9 Cirque Pinder \/ \u00a9 Fran\u00e7ois Dehurtevent<\/p>\n<p>\t\t\t\t\t\t\t\t\t<script async src=\"\/\/www.instagram.com\/embed.js\"><\/script><\/p>\n","protected":false},"excerpt":{"rendered":"Du 18 octobre au 11 novembre 2025, le Cirque PINDER posera ses valises sur le Champ de Mars&hellip;\n","protected":false},"author":2,"featured_media":429324,"comment_status":"","ping_status":"","sticky":false,"template":"","format":"standard","meta":{"footnotes":""},"categories":[2815],"tags":[1111,11,8258,55768,5398,1777,674,1011,27,811,1307,12,55769,25,3140],"class_list":{"0":"post-429323","1":"post","2":"type-post","3":"status-publish","4":"format-standard","5":"has-post-thumbnail","7":"category-lille","8":"tag-actu","9":"tag-actualites","10":"tag-champ-de-mars","11":"tag-chapiteau","12":"tag-cirque","13":"tag-eu","14":"tag-europe","15":"tag-fr","16":"tag-france","17":"tag-hauts-de-france","18":"tag-lille","19":"tag-news","20":"tag-pinder","21":"tag-republique-francaise","22":"tag-spectacle"},"share_on_mastodon":{"url":"https:\/\/pubeurope.com\/@fr\/115294868407650865","error":""},"_links":{"self":[{"href":"https:\/\/www.europesays.com\/fr\/wp-json\/wp\/v2\/posts\/429323","targetHints":{"allow":["GET"]}}],"collection":[{"href":"https:\/\/www.europesays.com\/fr\/wp-json\/wp\/v2\/posts"}],"about":[{"href":"https:\/\/www.europesays.com\/fr\/wp-json\/wp\/v2\/types\/post"}],"author":[{"embeddable":true,"href":"https:\/\/www.europesays.com\/fr\/wp-json\/wp\/v2\/users\/2"}],"replies":[{"embeddable":true,"href":"https:\/\/www.europesays.com\/fr\/wp-json\/wp\/v2\/comments?post=429323"}],"version-history":[{"count":0,"href":"https:\/\/www.europesays.com\/fr\/wp-json\/wp\/v2\/posts\/429323\/revisions"}],"wp:featuredmedia":[{"embeddable":true,"href":"https:\/\/www.europesays.com\/fr\/wp-json\/wp\/v2\/media\/429324"}],"wp:attachment":[{"href":"https:\/\/www.europesays.com\/fr\/wp-json\/wp\/v2\/media?parent=429323"}],"wp:term":[{"taxonomy":"category","embeddable":true,"href":"https:\/\/www.europesays.com\/fr\/wp-json\/wp\/v2\/categories?post=429323"},{"taxonomy":"post_tag","embeddable":true,"href":"https:\/\/www.europesays.com\/fr\/wp-json\/wp\/v2\/tags?post=429323"}],"curies":[{"name":"wp","href":"https:\/\/api.w.org\/{rel}","templated":true}]}}