{"id":429327,"date":"2025-09-30T19:21:11","date_gmt":"2025-09-30T19:21:11","guid":{"rendered":"https:\/\/www.europesays.com\/fr\/429327\/"},"modified":"2025-09-30T19:21:11","modified_gmt":"2025-09-30T19:21:11","slug":"mdma-ecstasy-pres-de-10kg-de-drogues-de-synthese-decouverts-dans-un-appartement-a-marseille","status":"publish","type":"post","link":"https:\/\/www.europesays.com\/fr\/429327\/","title":{"rendered":"MDMA, ecstasy&#8230; pr\u00e8s de 10kg de drogues de synth\u00e8se d\u00e9couverts dans un appartement \u00e0 Marseille"},"content":{"rendered":"<p>Install\u00e9 dans une paisible r\u00e9sidence du quartier Dromel, dans le 9e arrondissement de <a href=\"https:\/\/www.laprovence.com\/bouches-du-rhone\/marseille-13055\" target=\"_blank\" rel=\"noopener\">Marseille<\/a>, le jeune couple originaire de la r\u00e9gion lyonnaise ne payait pas de mine. Pourtant, au deuxi\u00e8me \u00e9tage d\u2019un immeuble un brin vieillot du boulevard Romain-Rolland, leur appartement aurait pu suffire \u00e0 alimenter les adeptes du Burning Man en drogues de synth\u00e8se sur toute la dur\u00e9e du festival.<\/p>\n<p>Pr\u00e8s de dix kilos<a href=\"https:\/\/www.laprovence.com\/article\/faits-divers-justice\/32854287813870\/cocaine-ketamine-mdma-le-dealer-des-reformes-a-marseille-etait-un-epicier-ambulant-de-la-drogue\" target=\"_blank\" rel=\"noopener\"> d\u2019ecstasy et autres substances stup\u00e9fiantes<\/a> plus ou moins exotiques ont \u00e9t\u00e9 d\u00e9couvertes la semaine derni\u00e8re par les policiers de l\u2019unit\u00e9 stup\u00e9fiants et \u00e9conomie souterraine (Uses) de la division centre lors d\u2019une perquisition. Le trafic, vraisemblablement op\u00e9r\u00e9 par le couple lui-m\u00eame, en dehors des grands r\u00e9seaux habituels, fructifiait depuis plusieurs mois au moins, selon un mode op\u00e9ratoire dans l\u2019air du temps\u00a0: des messageries chiffr\u00e9es et des livraisons discr\u00e8tes dans toute la ville.<\/p>\n<p>Mais de fa\u00e7on beaucoup plus traditionnelle, c\u2019est un \u00ab\u00a0tuyau\u00a0\u00bb, un renseignement anonyme parvenu jusqu\u2019aux enqu\u00eateurs, qui est venu mettre \u00e0 mal les bonnes affaires du couple. Les recoupements laissaient penser que l\u2019appartement recelait de belles quantit\u00e9s de drogue, d\u2019autant que l\u2019occupant des lieux \u00e9tait d\u00e9j\u00e0 connu pour des faits de trafic de stup\u00e9fiants.<\/p>\n<p>Des drogues de synth\u00e8ses par kilos dans l\u2019appartement<\/p>\n<p>En fin de journ\u00e9e, le 23 septembre 2025, les policiers du commissariat de Noailles ont donc pris le chemin du boulevard Romain-Rolland, pr\u00e9c\u00e9d\u00e9s par \u00e9quipage de la Bac et leur b\u00e9lier. Sit\u00f4t la porte d\u00e9gond\u00e9e, un chien sp\u00e9cialis\u00e9 dans la d\u00e9tection de stup\u00e9fiants a renifl\u00e9 toutes sortes d\u2019effluves suspects, permettant de d\u00e9couvrir, outre quelque 6000\u20ac en liquide, une cargaison aussi importante que diversifi\u00e9e.<\/p>\n<p>Outre 4kg d\u2019herbe et de r\u00e9sine de cannabis, et tout de m\u00eame 700g de coca\u00efne, le gros du stock \u00e9tait compos\u00e9 de<a href=\"https:\/\/www.laprovence.com\/article\/france-monde\/25883805539802\/les-drogues-de-synthese-une-menace-emergente-en-europe-alerte-lagence-europeenne-des-drogues\" target=\"_blank\" rel=\"noopener\"> produits de synth\u00e8se<\/a>\u00a0: pas moins de 8\u00a0kg d\u2019ecstasy, un peu plus loin, quelques centaines de grammes de cristaux de MDMA (le principe actif de l\u2019ecstasy), quelques grammes de k\u00e9tamine (un puissant anesth\u00e9siant d\u00e9tourn\u00e9 de son usage m\u00e9dical et v\u00e9t\u00e9rinaire) et plus d\u2019un kilo de 3-MMC, un \u00ab\u00a0stimulant\u00a0\u00bb aux effets proches de ceux de la coca\u00efne, pris\u00e9 par les adeptes de \u00ab\u00a0chemsex\u00a0\u00bb, apparu voil\u00e0 seulement quelques ann\u00e9es sur le march\u00e9 des drogues de synth\u00e8se.<\/p>\n<p>Le suspect de tout juste 34\u00a0ans, interpell\u00e9 au c\u00f4t\u00e9 de sa compagne, \u00e2g\u00e9e de 24\u00a0ans, s\u2019est montr\u00e9 peu loquace, sinon pour disculper la jeune femme. Mais les t\u00e9l\u00e9phones saisis ne laissaient gu\u00e8re de doute sur les activit\u00e9s. Messages de livraison, commandes, et m\u00eame publicit\u00e9 sur des groupes de messageries chiffr\u00e9es, tels que Telegram et Signal, ainsi que sur le r\u00e9seau social Snapchat\u2026<\/p>\n<p>Les \u00e9l\u00e9ments sans \u00e9quivoque ont emmen\u00e9 le jeune homme jusqu\u2019au box des comparutions imm\u00e9diates, ce lundi, tandis que sa compagne \u00e9tait laiss\u00e9e libre \u00e0 l\u2019issue de la garde \u00e0 vue. Le proc\u00e8s a n\u00e9anmoins \u00e9t\u00e9 renvoy\u00e9 et dans l\u2019attente, le pr\u00e9venu a \u00e9t\u00e9 plac\u00e9 en d\u00e9tention provisoire.<\/p>\n","protected":false},"excerpt":{"rendered":"Install\u00e9 dans une paisible r\u00e9sidence du quartier Dromel, dans le 9e arrondissement de Marseille, le jeune couple originaire&hellip;\n","protected":false},"author":2,"featured_media":429328,"comment_status":"","ping_status":"","sticky":false,"template":"","format":"standard","meta":{"footnotes":""},"categories":[2814],"tags":[55771,17,1111,11,13881,3992,7104,1777,674,274,1011,27,884,55770,12,3762,882,25,40042],"class_list":{"0":"post-429327","1":"post","2":"type-post","3":"status-publish","4":"format-standard","5":"has-post-thumbnail","7":"category-marseille","8":"tag-10kg","9":"tag-17","10":"tag-actu","11":"tag-actualites","12":"tag-decouverts","13":"tag-drogues","14":"tag-ecstasy","15":"tag-eu","16":"tag-europe","17":"tag-faits-divers-justice","18":"tag-fr","19":"tag-france","20":"tag-marseille","21":"tag-mdma","22":"tag-news","23":"tag-pres","24":"tag-provence-alpes-cote-dazur","25":"tag-republique-francaise","26":"tag-synthese"},"share_on_mastodon":{"url":"https:\/\/pubeurope.com\/@fr\/115294875689527906","error":""},"_links":{"self":[{"href":"https:\/\/www.europesays.com\/fr\/wp-json\/wp\/v2\/posts\/429327","targetHints":{"allow":["GET"]}}],"collection":[{"href":"https:\/\/www.europesays.com\/fr\/wp-json\/wp\/v2\/posts"}],"about":[{"href":"https:\/\/www.europesays.com\/fr\/wp-json\/wp\/v2\/types\/post"}],"author":[{"embeddable":true,"href":"https:\/\/www.europesays.com\/fr\/wp-json\/wp\/v2\/users\/2"}],"replies":[{"embeddable":true,"href":"https:\/\/www.europesays.com\/fr\/wp-json\/wp\/v2\/comments?post=429327"}],"version-history":[{"count":0,"href":"https:\/\/www.europesays.com\/fr\/wp-json\/wp\/v2\/posts\/429327\/revisions"}],"wp:featuredmedia":[{"embeddable":true,"href":"https:\/\/www.europesays.com\/fr\/wp-json\/wp\/v2\/media\/429328"}],"wp:attachment":[{"href":"https:\/\/www.europesays.com\/fr\/wp-json\/wp\/v2\/media?parent=429327"}],"wp:term":[{"taxonomy":"category","embeddable":true,"href":"https:\/\/www.europesays.com\/fr\/wp-json\/wp\/v2\/categories?post=429327"},{"taxonomy":"post_tag","embeddable":true,"href":"https:\/\/www.europesays.com\/fr\/wp-json\/wp\/v2\/tags?post=429327"}],"curies":[{"name":"wp","href":"https:\/\/api.w.org\/{rel}","templated":true}]}}