{"id":429329,"date":"2025-09-30T19:22:55","date_gmt":"2025-09-30T19:22:55","guid":{"rendered":"https:\/\/www.europesays.com\/fr\/429329\/"},"modified":"2025-09-30T19:22:55","modified_gmt":"2025-09-30T19:22:55","slug":"en-direct-om-ajax-amsterdam-2-0-paixao-double-la-mise-marseille-fait-le-break","status":"publish","type":"post","link":"https:\/\/www.europesays.com\/fr\/429329\/","title":{"rendered":"EN DIRECT &#8211; OM-Ajax Amsterdam (2-0) : Paixao double la mise, Marseille fait le break"},"content":{"rendered":"<ul class=\"jsx-862013697 ArticleChapo__List\">\n<li class=\"jsx-862013697 ArticleChapo__List_Item flex\">L&rsquo;Olympique de Marseille accueille ce mardi (21h) l&rsquo;Ajax Amsterdam \u00e0 l&rsquo;occasion de la 2\u1d49 journ\u00e9e de la phase r\u00e9guli\u00e8re de Ligue des champions.<\/li>\n<li class=\"jsx-862013697 ArticleChapo__List_Item flex\">Apr\u00e8s leur d\u00e9faite sur la pelouse du Real Madrid (2-1), les Phoc\u00e9ens esp\u00e8rent d\u00e9crocher leurs premiers points.<\/li>\n<li class=\"jsx-862013697 ArticleChapo__List_Item flex\">Suivez cette affiche en live comment\u00e9 ci-dessous.<\/li>\n<\/ul>\n<p><img decoding=\"async\" src=\"https:\/\/www.europesays.com\/fr\/wp-content\/uploads\/2025\/04\/ligue-des-champions-illustration-d4a937-0@1x.jpeg\" alt=\"Valery HACHE \/ AFP\" loading=\"lazy\" importance=\"low\" fetchpriority=\"low\" class=\"\"\/>EN COURS<\/p>\n<p class=\"jsx-1738046559 ScoreBoard__SubTitle\">Ligue des champions &#8211; 2\u1d49 journ\u00e9e<\/p>\n<p class=\"jsx-1738046559 ScoreBoard__SubTitle\">Le 30 septembre 2025 , V\u00e9lodrome (Marseille)<\/p>\n<p class=\"jsx-1738046559 ScoreBoard__Teams__NameA\">Marseille<\/p>\n<p class=\"jsx-1738046559 ScoreBoard__Teams__NameB\">Ajax<\/p>\n<p><img decoding=\"async\" src=\"https:\/\/www.europesays.com\/fr\/wp-content\/uploads\/2025\/09\/om-logo-3-3aef10-0@1x.png\" alt=\"\" loading=\"eager\" importance=\"low\" fetchpriority=\"low\" class=\"\"\/><\/p>\n<p>2 &#8211; 0<\/p>\n<p><img decoding=\"async\" src=\"https:\/\/www.europesays.com\/fr\/wp-content\/uploads\/2025\/09\/logo-ajax-903c73-0@1x.png\" alt=\"\" loading=\"eager\" importance=\"low\" fetchpriority=\"low\" class=\"\"\/>Minute par minuteFiltrer par ActionsFiltrer19&rsquo;21:20<\/p>\n<p>Le rythme retombe un peu apr\u00e8s ce d\u00e9part canon de l&rsquo;OM. Un joueur de l&rsquo;Ajax se fait soigner sur la pelouse.<\/p>\n<p>17&rsquo;21:18<\/p>\n<p>Apr\u00e8s un quart d&rsquo;heure de match, l&rsquo;Om a d\u00e9j\u00e0 pris le large et m\u00e8nent sur ses deux premi\u00e8res offensives. l&rsquo;Ajax tente de repartir mais le bon pressing des Marseillais fait beaucoup de mal \u00e0 l&rsquo;Ajax. Coup-franc \u00e0 venir pour les N\u00e9erlandais.\u00a0<\/p>\n<p>15&rsquo;21:16<\/p>\n<p>Quel d\u00e9but de match de l&rsquo;OM. Apr\u00e8s avoir subi, les Olympiens ma\u00eetrisent le tempo du match.\u00a0<\/p>\n<blockquote data-testid=\"EmbedTwitter\" id=\"tweet-1973104000292573477-:Rec6jb95cmj9n79m:\" class=\"jsx-aeff1a1c40f54d7a twitter-tweet flex justify-center items-center\"><p>\u23f1\ufe0f 12\u2019 |  #OMAJA 2\ufe0f\u20e3-0\ufe0f\u20e3 \ud835\udddf\ud835\uddd8 \ud835\uddd7\ud835\udde2\ud835\udde8\ud835\uddd5\ud835\udddf\ud835\uddd8 \ud835\uddd7&rsquo;\ud835\udddc\ud835\uddda\ud835\udde2\ud835\udde2\ud835\udde5\ud835\udde5 \ud835\udde3\ud835\uddd4\ud835\udddc\ud835\uddeb\ud835\uddd4\ud835\udde2\ud835\udde2 \ud83d\ude0d\ud83c\udde7\ud83c\uddf7  pic.twitter.com\/ZKHKlZ5Mrh \u2014 Olympique de Marseille (@OM_Officiel)  September 30, 2025<\/p><\/blockquote>\n<p>12&rsquo;21:13<\/p>\n<p>Et le deuxi\u00e8me but pour l&rsquo;OM !!! Quel d\u00e9but de match des Marseillais avec le doubl\u00e9 pour Paixao. Apr\u00e8s une r\u00e9cup\u00e9ration tr\u00e8s haute, le br\u00e9silien tente la frappe de loin. C&rsquo;est hors de port\u00e9e pour le gardien de l&rsquo;Ajax. 2-0<\/p>\n<p>6&rsquo;21:07<\/p>\n<p>BUUUUUUT pour l&rsquo;Olympique de Marseille !!!! Apr\u00e8s une relance depuis la surface marseillaise, le ballon arrive juste Paixao qui s&rsquo;\u00e9chappe et fixe le gardien. \u00c0 l&rsquo;entr\u00e9e de la surface, l&rsquo;attaquant marseillais trouve les filets !<\/p>\n<p>5&rsquo;21:05<\/p>\n<p>Les Olympiens r\u00e9cup\u00e8rent le ballon mais le perde trop vite. On sent de la crispation du c\u00f4t\u00e9 de l&rsquo;OM en ce d\u00e9but de rencontre.\u00a0<\/p>\n<p>2&rsquo;21:04<\/p>\n<p>L&rsquo;Ajax tient le ballon au cours de ces premi\u00e8res minutes qui circule dans le camp n\u00e9erlandais. Les Marseillais sont au pressing, sans succ\u00e8s. Les initiatives sont \u00e0 mettre au cr\u00e9dit d&rsquo;Amsterdam.\u00a0<\/p>\n<p>COUP D&rsquo;ENVOI21:01<\/p>\n<p>C&rsquo;est parti au V\u00e9lodrome \u00a0dans une ambiance de folie ! Le premier ballon est pour les joueurs de l&rsquo;Ajax<\/p>\n<p>AVANT-MATCH20:56<\/p>\n<p>L&rsquo;ambiance monte \u00e0 quelques secondes du coup d&rsquo;envoi de cette rencontre de Ligue des Champions. Les joueurs entrent sur la pelouse !<\/p>\n<p>AVANT-MATCH20:48<\/p>\n<p>Les Olympiens sont actuellement \u00e0 l&rsquo;\u00e9chauffement. D\u00e9but de la rencontre dans 10 minutes !<\/p>\n<blockquote data-testid=\"EmbedTwitter\" id=\"tweet-1973096527879975075-:Reckjb95cmj9n79m:\" class=\"jsx-aeff1a1c40f54d7a twitter-tweet flex justify-center items-center\"><p>\ud835\udc16\ud835\udc00\ud835\udc11\ud835\udc0c-\ud835\udc14\ud835\udc0f \ud83d\udc40\ud83d\udcaa  #OMAJA pic.twitter.com\/BJ1MBQKVap \u2014 Olympique de Marseille (@OM_Officiel)  September 30, 2025<\/p><\/blockquote>\n<p>AVANT-MATCH20:44<\/p>\n<p>Sur les huit confrontations entre ces deux \u00e9quipes, 34 buts ont \u00e9t\u00e9 inscrits, soit une moyenne de 4,25 buts par match. Du grand spectacle en perspective ce soir ?\u00a0<\/p>\n<p>AVANT-MATCH20:35<\/p>\n<p>Le clin d&rsquo;\u0153il amical de l&rsquo;Ajax \u00e0 Geronimo Rulli. Le gardien marseillais a port\u00e9 le maillot du club n\u00e9erlandais avant de rejoindre l&rsquo;OM en 2024.\u00a0<\/p>\n<blockquote data-testid=\"EmbedTwitter\" id=\"tweet-1973092327963955629-:Recojb95cmj9n79m:\" class=\"jsx-aeff1a1c40f54d7a twitter-tweet flex justify-center items-center\"><p>Good to see you again, Gero! \ud83d\udc4a  pic.twitter.com\/L5HU58OcKU \u2014 AFC Ajax (@AFCAjax)  September 30, 2025<\/p><\/blockquote>\n<p>AVANT-MATCH20:29<\/p>\n<p>Coup d&rsquo;envoi dans 30 minutes. \u00c0 noter qu&rsquo;\u00e0 l&rsquo;Orange V\u00e9lodrome de Marseille, l&rsquo;arbitre de la rencontre sera l&rsquo;Anglais Anthony Taylor.<\/p>\n<p>AVANT-MATCH20:17<\/p>\n<p>Avant ce match, l&rsquo;OM occupe la 25\u00e8me place de cette phase r\u00e9guli\u00e8re. L&rsquo;Ajax est 30\u00e8me.\u00a0<\/p>\n<p>Lors de la prochaine journ\u00e9e, les Marseillais se rendront au Portugal pour d\u00e9fier le Sporting, l&rsquo;Ajax accueillera Chelsea.\u00a0<\/p>\n<p>AVANT-MATCH20:06<\/p>\n<p>Comme attendu, Leonardo Balerdi est sur le banc tout comme Hojbjerg.\u00a0<\/p>\n<blockquote data-testid=\"EmbedTwitter\" id=\"tweet-1973085956379922767-:Recujb95cmj9n79m:\" class=\"jsx-aeff1a1c40f54d7a twitter-tweet flex justify-center items-center\"><p>\ud83d\udc65 \ud83c\udd52\ud83c\udd5e\ud83c\udd5c\ud83c\udd5f\ud83c\udd5e  #OMAJA Voici le \ud835\uddeb\ud835\udddc \ud835\uddf1\ud835\uddf2 \ud835\uddf1\ud835\uddf2\u0301\ud835\uddfd\ud835\uddee\ud835\uddff\ud835\ude01 de \ud835\udc79\ud835\udc90\ud835\udc83\ud835\udc86\ud835\udc93\ud835\udc95\ud835\udc90 \ud835\udc6b\ud835\udc86 \ud835\udc81\ud835\udc86\ud835\udc93\ud835\udc83\ud835\udc8a pour cette rencontre de  @ChampionsLeague ! \ud83d\udcaa\u2694\ufe0f  pic.twitter.com\/i0k3xpKq9Q \u2014 Olympique de Marseille (@OM_Officiel)  September 30, 2025<\/p><\/blockquote>\n<p>COMPOSITION19:55<\/p>\n<p>Le XI de l&rsquo;OM :\u00a0<\/p>\n<p>Rulli &#8211; Pavard, Aguerd, Media, Emerson &#8211; Nadir, O&rsquo;Riley, Vermeeren &#8211; Greenwood, Aubameyang, Paixao<\/p>\n<p>AVANT-MATCH19:54<\/p>\n<p>Les Marseillais arrivent \u00e0 leur tour au V\u00e9lodrome. Coup d&rsquo;envoi dans un peu plus d&rsquo;une heure.\u00a0<\/p>\n<blockquote data-testid=\"EmbedTwitter\" id=\"tweet-1973082807418175757-:Red2jb95cmj9n79m:\" class=\"jsx-aeff1a1c40f54d7a twitter-tweet flex justify-center items-center\"><p>\ud83d\ude8c  pic.twitter.com\/UHmPD0clj9 \u2014 Olympique de Marseille (@OM_Officiel)  September 30, 2025<\/p><\/blockquote>\n<p>COMPOSITION19:53<\/p>\n<p>Le XI de d\u00e9part de l&rsquo;Ajax Amsterdam :\u00a0<\/p>\n<p>Jaros &#8211; Rosa, Itakura, Wijndal, Regeer &#8211; Taylor, Gloukh, Godts &#8211; Baas, Klaassen, Berghuis<\/p>\n<blockquote data-testid=\"EmbedTwitter\" id=\"tweet-1973082342538305620-:Red4jb95cmj9n79m:\" class=\"jsx-aeff1a1c40f54d7a twitter-tweet flex justify-center items-center\"><p>Our squad. #UCL #omaja https:\/\/t.co\/G58Es03IVv pic.twitter.com\/AB0iT4jlFo \u2014 AFC Ajax (@AFCAjax)  September 30, 2025<\/p><\/blockquote>\n<p>AVANT-MATCH19:43<\/p>\n<p>Et l&rsquo;ambiance monte aux abords du stade. Les supporters marseillais donnent d\u00e9j\u00e0 de la voix !\u00a0<\/p>\n<blockquote data-testid=\"EmbedTwitter\" id=\"tweet-1973074044653019219-:Red6jb95cmj9n79m:\" class=\"jsx-aeff1a1c40f54d7a twitter-tweet flex justify-center items-center\"><p>Craquage de fumig\u00e8nes dans une ambiance \u00e9lectrique \ud83d\udca5\u26a1\ufe0f #TeamOM #OMAJAX \ud83c\udfa5  @LaMinuteOM_ pic.twitter.com\/V6updZli78 \u2014 La Minute OM (@LaMinuteOM_)  September 30, 2025<\/p><\/blockquote>\n<p>AVANT-MATCH19:41<\/p>\n<p>Les joueurs de l&rsquo;Ajax Amsterdam viennent d&rsquo;arriver au V\u00e9lodrome.\u00a0<\/p>\n<blockquote data-testid=\"EmbedTwitter\" id=\"tweet-1973080426840199458-:Red8jb95cmj9n79m:\" class=\"jsx-aeff1a1c40f54d7a twitter-tweet flex justify-center items-center\"><p>Arrived.  pic.twitter.com\/FhN8A7yURJ \u2014 AFC Ajax (@AFCAjax)  September 30, 2025<\/p><\/blockquote>\n<p>AVANT-MATCH19:13<\/p>\n<p>\u00a0Les Phoc\u00e9ens, 25\u00e8mes avant le d\u00e9but de la deuxi\u00e8me journ\u00e9e de la phase de ligue de la Ligue des champions, pourront compter sur le soutien bouillant de leur public. Entre 65.300 et 65.500 spectateurs sont attendus ce soir, soit un nouveau record d&rsquo;affluence pour un match europ\u00e9en au V\u00e9lodrome (le pr\u00e9c\u00e9dent date du match contre l&rsquo;AEK Ath\u00e8nes en octobre 2023 avec 65.096 spectateurs).<\/p>\n<p>AVANT-MATCH19:06<\/p>\n<p>Voici les maillots qu&rsquo;arboreront les Marseillais ce soir ! H-2 avant le coup d&rsquo;envoi.\u00a0<\/p>\n<blockquote data-testid=\"EmbedTwitter\" id=\"tweet-1973070915362541670-:Redcjb95cmj9n79m:\" class=\"jsx-aeff1a1c40f54d7a twitter-tweet flex justify-center items-center\"><p>\ud835\udc07-2\ufe0f\u20e3 avant le coup d&rsquo;envoi \u2694\ufe0f  #OMAJA pic.twitter.com\/CxPHXEzSWq \u2014 Olympique de Marseille (@OM_Officiel)  September 30, 2025<\/p><\/blockquote>\n<p>AVANT-MATCH18:59<\/p>\n<p>Les deux \u00e9quipes se sont d\u00e9j\u00e0 rencontr\u00e9es 9 fois depuis 1971. La derni\u00e8re opposition a \u00e9t\u00e9 remport\u00e9e par l&rsquo;OM lors de la phase de groupes de Ligue Europa, en 2023 (4-3).\u00a0<\/p>\n<p>Pierre-Emerick Aubameyang s&rsquo;\u00e9tait offert un tripl\u00e9 apr\u00e8s avoir d\u00e9j\u00e0 inscrit deux buts lors du match aller (3-3). \u00a0<\/p>\n<p>Le buteur gabonais va-t-il r\u00e9it\u00e9rer une telle performance ce soir ?\u00a0<\/p>\n<p>AVANT-MATCH18:45<\/p>\n<p>L&rsquo;Orange V\u00e9lodrome se pr\u00e9pare doucement \u00e0 retrouver l&rsquo;ambiance des grandes soir\u00e9es europ\u00e9ennes.\u00a0<\/p>\n<blockquote data-testid=\"EmbedTwitter\" id=\"tweet-1973065582887993387-:Redgjb95cmj9n79m:\" class=\"jsx-aeff1a1c40f54d7a twitter-tweet flex justify-center items-center\"><p>\ud83d\ude0d  pic.twitter.com\/yVh8FuJTnA \u2014 Olympique de Marseille (@OM_Officiel)  September 30, 2025<\/p><\/blockquote>\n<p>AVANT-MATCH 18:40<\/p>\n<p>Avant d&rsquo;aborder cette rencontre, les deux \u00e9quipes restent sur une d\u00e9faite lors de la 1\u00e8re journ\u00e9e de cette phase r\u00e9guli\u00e8re de la Ligue des champions. L&rsquo;OM s&rsquo;est inclin\u00e9 avec les honneurs face au Real Madrid de Kylian Mbapp\u00e9 (2-1). Tandis que l&rsquo;Ajax Amsterdam a \u00e9t\u00e9 battu \u00e0 domicile par l&rsquo;Inter Milan (0-2).\u00a0<\/p>\n<p>AVANT-MATCH18:26<\/p>\n<p>C\u00f4t\u00e9 n\u00e9erlandais, l&rsquo;Ajax va se pr\u00e9senter diminu\u00e9 \u00e0 l&rsquo;Orange V\u00e9lodrome. John Heitinga devra composer avec des absences de poids. Wout Weghorst, l&rsquo;attaquant n\u00e9erlandais de 33 ans, qui compte 47 s\u00e9lections avec les Oranje (14 buts), est indisponible. Tout comme l&rsquo;international danois, Kasper Dolberg.<\/p>\n<p>LE GROUPE MARSEILLAIS18:15<\/p>\n<p>Le coach marseillais, Roberto De Zerbi pourra compter sur un groupe quasi au complet. Le capitaine, Leonardo Balerdi, figure dans le groupe des 21 joueurs retenus. En revanche, Geoffrey Kondogbia et Hamed Junior Traor\u00e9 sont forfait pour la rencontre.\u00a0<\/p>\n<blockquote data-testid=\"EmbedTwitter\" id=\"tweet-1972934766648610961-:Redmjb95cmj9n79m:\" class=\"jsx-aeff1a1c40f54d7a twitter-tweet flex justify-center items-center\"><p>\ud83c\udd62\ud83c\udd60\ud83c\udd64\ud83c\udd50\ud83c\udd53 \ud83d\udccb \ud83d\udc65 Les 2\ufe0f\u20e31\ufe0f\u20e3 joueurs choisis par \ud835\udc11\ud835\udc28\ud835\udc1b\ud835\udc1e\ud835\udc2b\ud835\udc2d\ud835\udc28 \ud835\udc03\ud835\udc1e \ud835\udc19\ud835\udc1e\ud835\udc2b\ud835\udc1b\ud835\udc22 pour d\u00e9fier l&rsquo;Ajax Amsterdam ce soir \u00e0 l&rsquo; @orangevelodrome \ud83c\udfdf\ufe0f\u2728  #OMAJA pic.twitter.com\/HFaFVNdaNB \u2014 Olympique de Marseille (@OM_Officiel)  September 30, 2025<\/p><\/blockquote>\n<p>AVANT-MATCH18:07<\/p>\n<p>Les Marseillais abordent cette rencontre avec le plein de confiance et esp\u00e8rent d\u00e9crocher leurs premiers points de la saison en Ligue des champions. Les Phoc\u00e9ens restent sur deux succ\u00e8s en championnat face au rival parisien (1-0) et \u00e0 Strasbourg (1-2).\u00a0<\/p>\n<p>BIENVENUE18:03<\/p>\n<p>Bonsoir \u00e0 toutes et \u00e0 tous et bienvenue dans ce direct du 30 septembre consacr\u00e9 \u00e0 la rencontre de Ligue des champions entre l&rsquo;Olympique de Marseille et l&rsquo;Ajax Amsterdam. La rencontre se joue \u00e0 l&rsquo;Orange V\u00e9lodrome de Marseille. Coup d&rsquo;envoi \u00e0 21h.\u00a0<\/p>\n<p data-module=\"article-paragraph\" class=\"jsx-3046738180 Paragraph Paragraph__End\">Et si cette fois, c&rsquo;\u00e9tait la bonne ? Plein de confiance apr\u00e8s ses succ\u00e8s \u00e0 domicile <a href=\"https:\/\/www.tf1info.fr\/sport\/direct-om-psg-live-football-ligue-1-qui-remportera-le-classique-suivez-le-match-marseille-paris-2395841.html\" target=\"_blank\" rel=\"noopener\">face au Paris Saint-Germain<\/a> et \u00e0 l&rsquo;ext\u00e9rieur \u00e0 Strasbourg, l&rsquo;Olympique de Marseille esp\u00e8re d\u00e9crocher ses premiers points de la saison en Ligue des champions <a href=\"https:\/\/www.tf1info.fr\/sport\/om-ajax-amsterdam-football-a-quelle-heure-et-sur-quelle-chaine-voir-marseille-en-ligue-des-champions-2397443.html\" target=\"_blank\" rel=\"noopener\">ce mardi (21h)<\/a> lors de la r\u00e9ception de l&rsquo;Ajax Amsterdam (Pays-Bas), a priori l&rsquo;un des matchs les plus abordables <a href=\"https:\/\/www.tf1info.fr\/sport\/en-direct-football-ligue-des-champions-quels-adversaires-pour-le-psg-l-om-et-monaco-suivez-le-tirage-au-sort-2391285.html\" target=\"_blank\" rel=\"noopener\">de son programme<\/a>. Les Phoc\u00e9ens pourront compter sur l&rsquo;appui du stade V\u00e9lodrome, qui retrouve les \u00e9toiles de la C1 pour la premi\u00e8re fois depuis 2022.<\/p>\n<blockquote class=\"jsx-2786790838 Quote__Text\"><p>L&rsquo;OM peut exister dans cette comp\u00e9tition<\/p><\/blockquote>\n<p>Roberto De Zerbi, entra\u00eeneur de l&rsquo;OM<\/p>\n<p data-module=\"article-paragraph\" class=\"jsx-3046738180 Paragraph Paragraph__End\">\u00ab\u00a0Je crois que l&rsquo;OM peut exister dans cette comp\u00e9tition. Je ne sais pas ce qu&rsquo;on y fera, mais je crois qu&rsquo;on est \u00e0 notre place\u00a0\u00bb, a encore estim\u00e9 lundi l&rsquo;entra\u00eeneur marseillais Roberto De Zerbi en conf\u00e9rence de presse. Pour l&rsquo;heure, Marseille pointe \u00e0 la 25\u1d49 place &#8211; la premi\u00e8re non qualificative pour les barrages -, deux semaines apr\u00e8s sa d\u00e9faite inaugurale frustrante <a href=\"https:\/\/www.tf1info.fr\/sport\/direct-real-madrid-om-olympique-de-marseille-live-football-les-marseillais-de-retour-en-ligue-des-champions-face-aux-madrilenes-de-kylian-mbappe-2394767.html\" target=\"_blank\" rel=\"noopener\">sur la pelouse du Real Madrid de Kylian Mbapp\u00e9 (2-1)<\/a>. L&rsquo;Ajax ne fait pas mieux (30\u1d49) et d\u00e9barque en cit\u00e9 phoc\u00e9enne en plein doute : le club n\u00e9erlandais n&rsquo;a pas remport\u00e9 le moindre match hors de ses bases cette saison.<\/p>\n<p><a href=\"https:\/\/www.tf1info.fr\/sport\/espagne-mort-d-un-footballeur-de-19-ans-apres-un-choc-a-la-tete-en-plein-match-2397651.html\" rel=\"noopener\" class=\"jsx-3308031228 Link flex\" target=\"_blank\"><img decoding=\"async\" src=\"https:\/\/www.europesays.com\/fr\/wp-content\/uploads\/2025\/09\/foot-ballon-a1930d-0@1x.jpeg\" alt=\"AFP\" loading=\"lazy\" importance=\"low\" fetchpriority=\"low\" class=\"\" aria-hidden=\"true\"\/><\/p>\n<p class=\"jsx-3657663356 ReadMoreArticle__Title\">Lire aussi<\/p>\n<p class=\"jsx-3657663356\">Espagne : un footballeur de 19 ans meurt apr\u00e8s un choc \u00e0 la t\u00eate en plein match<\/p>\n<p><\/a><\/p>\n<p data-module=\"article-paragraph\" class=\"jsx-3046738180 Paragraph Paragraph__End\">Et ce n&rsquo;est pas un d\u00e9placement au V\u00e9lodrome qui va lui rappeler de bons souvenirs. Lors de sa derni\u00e8re venue, en novembre 2023 en phase de groupes de Ligue Europa, l&rsquo;OM s&rsquo;\u00e9tait impos\u00e9 au terme d&rsquo;un match spectaculaire (4-3), marqu\u00e9 par un tripl\u00e9 <a href=\"https:\/\/www.tf1info.fr\/sport\/aux-armes-un-an-apres-son-depart-pierre-emerick-aubameyang-de-retour-a-l-om-2386139.html\" target=\"_blank\" rel=\"noopener\">de Pierre-Emerick Aubameyang<\/a>. Le Gabonais sera-t-il aussi inspir\u00e9 ce mardi pour offrir un succ\u00e8s aux Marseillais ? R\u00e9ponse \u00e0 partir de 21h.<\/p>\n<p data-module=\"article-paragraph\" class=\"jsx-3046738180 Paragraph Paragraph__End\"><strong>Suivez le match de la 2\u1d49 journ\u00e9e de la phase r\u00e9guli\u00e8re de Ligue des champions entre l&rsquo;Olympique de Marseille et l&rsquo;Ajax Amsterdam en direct d\u00e8s 21h dans notre live comment\u00e9 ci-dessus.<\/strong><\/p>\n<p>Thibault JEANNIN<\/p>\n<p><script async src=\"https:\/\/platform.twitter.com\/widgets.js\" charset=\"utf-8\"><\/script><\/p>\n","protected":false},"excerpt":{"rendered":"L&rsquo;Olympique de Marseille accueille ce mardi (21h) l&rsquo;Ajax Amsterdam \u00e0 l&rsquo;occasion de la 2\u1d49 journ\u00e9e de la phase&hellip;\n","protected":false},"author":2,"featured_media":429330,"comment_status":"","ping_status":"","sticky":false,"template":"","format":"standard","meta":{"footnotes":""},"categories":[2814],"tags":[1111,11,1921,1777,674,63,1011,27,1922,48671,447,48670,884,12,1176,934,882,25,133,4712],"class_list":{"0":"post-429329","1":"post","2":"type-post","3":"status-publish","4":"format-standard","5":"has-post-thumbnail","7":"category-marseille","8":"tag-actu","9":"tag-actualites","10":"tag-article-video","11":"tag-eu","12":"tag-europe","13":"tag-football","14":"tag-fr","15":"tag-france","16":"tag-info","17":"tag-lom-et-monaco-en-outsiders","18":"tag-ligue-des-champions","19":"tag-ligue-des-champions-2025-2026-le-psg-en-favori","20":"tag-marseille","21":"tag-news","22":"tag-olympique-de-marseille","23":"tag-pays-bas","24":"tag-provence-alpes-cote-dazur","25":"tag-republique-francaise","26":"tag-video","27":"tag-video-sports"},"share_on_mastodon":{"url":"https:\/\/pubeurope.com\/@fr\/115294884044105343","error":""},"_links":{"self":[{"href":"https:\/\/www.europesays.com\/fr\/wp-json\/wp\/v2\/posts\/429329","targetHints":{"allow":["GET"]}}],"collection":[{"href":"https:\/\/www.europesays.com\/fr\/wp-json\/wp\/v2\/posts"}],"about":[{"href":"https:\/\/www.europesays.com\/fr\/wp-json\/wp\/v2\/types\/post"}],"author":[{"embeddable":true,"href":"https:\/\/www.europesays.com\/fr\/wp-json\/wp\/v2\/users\/2"}],"replies":[{"embeddable":true,"href":"https:\/\/www.europesays.com\/fr\/wp-json\/wp\/v2\/comments?post=429329"}],"version-history":[{"count":0,"href":"https:\/\/www.europesays.com\/fr\/wp-json\/wp\/v2\/posts\/429329\/revisions"}],"wp:featuredmedia":[{"embeddable":true,"href":"https:\/\/www.europesays.com\/fr\/wp-json\/wp\/v2\/media\/429330"}],"wp:attachment":[{"href":"https:\/\/www.europesays.com\/fr\/wp-json\/wp\/v2\/media?parent=429329"}],"wp:term":[{"taxonomy":"category","embeddable":true,"href":"https:\/\/www.europesays.com\/fr\/wp-json\/wp\/v2\/categories?post=429329"},{"taxonomy":"post_tag","embeddable":true,"href":"https:\/\/www.europesays.com\/fr\/wp-json\/wp\/v2\/tags?post=429329"}],"curies":[{"name":"wp","href":"https:\/\/api.w.org\/{rel}","templated":true}]}}