{"id":429335,"date":"2025-09-30T19:28:11","date_gmt":"2025-09-30T19:28:11","guid":{"rendered":"https:\/\/www.europesays.com\/fr\/429335\/"},"modified":"2025-09-30T19:28:11","modified_gmt":"2025-09-30T19:28:11","slug":"en-direct-om-ajax-le-marseillais-igor-paixao-fait-rugir-le-velodrome-en-inscrivant-un-double-des-lentame","status":"publish","type":"post","link":"https:\/\/www.europesays.com\/fr\/429335\/","title":{"rendered":"EN DIRECT | OM &#8211; Ajax\u00a0: le Marseillais Igor Paixao fait rugir le V\u00e9lodrome en inscrivant un doubl\u00e9 d\u00e8s l\u2019entame"},"content":{"rendered":"\n<p class=\"article__paragraph  \">Bienvenue dans ce direct consacr\u00e9 au match de Ligue des champions opposant l\u2019Olympique de Marseille et l\u2019Ajax Amsterdam.<\/p>\n<p class=\"article__paragraph  \"><strong>De quoi s\u2019agit-il\u00a0? <\/strong>Du retour de la Ligue des champions \u00e0 Marseille, apr\u00e8s deux saisons loin de la plus prestigieuse des coupes europ\u00e9ennes de clubs. Battus par le Real Madrid lors de leur premier match, disput\u00e9 au stade Santiago Bernabeu, les Phoc\u00e9ens veulent vite marquer un point \u2013 ou plus si affinit\u00e9 \u2013 pour chasser le spectre de la saison 2013-2014, durant laquelle ils avaient sign\u00e9 un z\u00e9ro point\u00e9, en perdant leurs six matchs de la phase de groupes.<\/p>\n<p class=\"article__paragraph  \"><strong>O\u00f9\u00a0? <\/strong>Au Stade-V\u00e9lodrome de Marseille, qui vient de c\u00e9l\u00e9brer la fin de ses quatorze ann\u00e9es sans voir de victoire face au Paris Saint-Germain.<\/p>\n<p class=\"article__paragraph  \"><strong>A quelle heure\u00a0? <\/strong>Coup d\u2019envoi \u00e0 21\u00a0heures.<\/p>\n<p class=\"article__paragraph  \"><strong>Sur quelle cha\u00eene\u00a0?<\/strong> Canal+ Foot.<\/p>\n<p class=\"article__paragraph  \"><strong>Qui live\u00a0? <\/strong>Tout juste de retour du Rwanda, o\u00f9 il couvrait les Mondiaux de cyclisme, Oscar Korbosli change de braquet pour couvrir la rencontre dans le kop d\u2019Austerlitz, aux c\u00f4t\u00e9s de deux lat\u00e9raux de qualit\u00e9, Alexandre Lemari\u00e9 et de Valentin Moinard.<\/p>\n<p class=\"article__paragraph  \"><strong>Les compositions des \u00e9quipes<\/strong>\u00a0:<\/p>\n<p class=\"article__paragraph  \">Rulli \u2013 Medina, Pavard, Aguerd, Emerson \u2013 Vermeeren, O\u2019Riley, Nadir, \u2013 Greenwood, Paixao, Aubameyang (cap.)<\/p>\n<p class=\"article__paragraph  \">Entra\u00eeneur\u00a0: Roberto De Zerbi<\/p>\n<p class=\"article__paragraph  \">Jaros \u2013 Lucas Rosa, Sutalo, Itakura, Wijndal \u2013 Klaassen (cap.), Taylor, Regeer, Gloukh \u2013 Godts, Berghuis.<\/p>\n<p class=\"article__paragraph  \">Entra\u00eeneur\u00a0: John Heitinga<\/p>\n<p class=\"article__paragraph  \"><strong>Qui arbitre\u00a0? <\/strong>L\u2019Anglais Anthony Taylor.<\/p>\n<p class=\"article__paragraph  \"><strong>De quoi ne parlera-t-on pas\u00a0?<\/strong> <a href=\"https:\/\/www.lemonde.fr\/sciences\/article\/2025\/09\/28\/les-termites-en-bons-jardiniers-utilisent-des-pesticides-bio-bien-sur-pour-proteger-leur-recolte_6643238_1650684.html\" rel=\"nofollow noopener\" target=\"_blank\">Des termites, qui sembleraient avoir la main verte<\/a><\/p>\n<p class=\"article__paragraph  \"><strong>Demandez le programme\u2026 <\/strong><a href=\"https:\/\/www.lemonde.fr\/football\/article\/2024\/06\/15\/les-prochains-lives-sport-du-monde_6157620_1616939.html\" rel=\"nofollow noopener\" target=\"_blank\">Les prochains directs sport du \u00ab\u00a0Monde\u00a0\u00bb\u00a0<\/a><\/p>\n","protected":false},"excerpt":{"rendered":"Bienvenue dans ce direct consacr\u00e9 au match de Ligue des champions opposant l\u2019Olympique de Marseille et l\u2019Ajax Amsterdam.&hellip;\n","protected":false},"author":2,"featured_media":429336,"comment_status":"","ping_status":"","sticky":false,"template":"","format":"standard","meta":{"footnotes":""},"categories":[1888],"tags":[1111,1928,11,1927,1777,674,1011,27,12,1926,626,1925,25],"class_list":{"0":"post-429335","1":"post","2":"type-post","3":"status-publish","4":"format-standard","5":"has-post-thumbnail","7":"category-paris","8":"tag-actu","9":"tag-actu-paris","10":"tag-actualites","11":"tag-actualites-paris","12":"tag-eu","13":"tag-europe","14":"tag-fr","15":"tag-france","16":"tag-news","17":"tag-news-paris","18":"tag-paris","19":"tag-paris-news","20":"tag-republique-francaise"},"share_on_mastodon":{"url":"https:\/\/pubeurope.com\/@fr\/115294902870054646","error":""},"_links":{"self":[{"href":"https:\/\/www.europesays.com\/fr\/wp-json\/wp\/v2\/posts\/429335","targetHints":{"allow":["GET"]}}],"collection":[{"href":"https:\/\/www.europesays.com\/fr\/wp-json\/wp\/v2\/posts"}],"about":[{"href":"https:\/\/www.europesays.com\/fr\/wp-json\/wp\/v2\/types\/post"}],"author":[{"embeddable":true,"href":"https:\/\/www.europesays.com\/fr\/wp-json\/wp\/v2\/users\/2"}],"replies":[{"embeddable":true,"href":"https:\/\/www.europesays.com\/fr\/wp-json\/wp\/v2\/comments?post=429335"}],"version-history":[{"count":0,"href":"https:\/\/www.europesays.com\/fr\/wp-json\/wp\/v2\/posts\/429335\/revisions"}],"wp:featuredmedia":[{"embeddable":true,"href":"https:\/\/www.europesays.com\/fr\/wp-json\/wp\/v2\/media\/429336"}],"wp:attachment":[{"href":"https:\/\/www.europesays.com\/fr\/wp-json\/wp\/v2\/media?parent=429335"}],"wp:term":[{"taxonomy":"category","embeddable":true,"href":"https:\/\/www.europesays.com\/fr\/wp-json\/wp\/v2\/categories?post=429335"},{"taxonomy":"post_tag","embeddable":true,"href":"https:\/\/www.europesays.com\/fr\/wp-json\/wp\/v2\/tags?post=429335"}],"curies":[{"name":"wp","href":"https:\/\/api.w.org\/{rel}","templated":true}]}}