{"id":429343,"date":"2025-09-30T19:32:12","date_gmt":"2025-09-30T19:32:12","guid":{"rendered":"https:\/\/www.europesays.com\/fr\/429343\/"},"modified":"2025-09-30T19:32:12","modified_gmt":"2025-09-30T19:32:12","slug":"le-president-finlandais-salue-lingeniosite-du-plan-de-saisie-des-avoirs-russes-geles","status":"publish","type":"post","link":"https:\/\/www.europesays.com\/fr\/429343\/","title":{"rendered":"Le pr\u00e9sident finlandais salue l'\u00a0\u00bbing\u00e9niosit\u00e9\u00a0\u00bb du plan de saisie des avoirs russes gel\u00e9s"},"content":{"rendered":"<p>\n         Publi\u00e9 le<br \/>\n            30\/09\/2025 &#8211; 20:27 UTC+2\n            <\/p>\n<p>          <img decoding=\"async\" class=\"c-ad__placeholder__logo\" src=\"https:\/\/static.euronews.com\/website\/images\/logos\/logo-euronews-stacked-outlined-72x72-grey-9.svg\" width=\"72\" height=\"72\" alt=\"\" loading=\"lazy\"\/><br \/>\n          PUBLICIT\u00c9<\/p>\n<p>Selon ce plan, qui gagne du terrain en Allemagne, l&rsquo;UE emprunterait environ 140 milliards d&rsquo;euros au nom de tous les \u00c9tats membres, ce qui signifie que chaque pays partagerait le risque en fonction de son PIB.<\/p>\n<p>Cette somme serait ensuite mise \u00e0 la disposition de l&rsquo;Ukraine pendant la dur\u00e9e de la guerre.<\/p>\n<p>\u00ab\u00a0Si j&rsquo;ai bien compris, la proposition est la suivante : au lieu de donner un ch\u00e8que en blanc \u00e0 l&rsquo;Ukraine, <strong>il s&rsquo;agirait d&rsquo;une compensation de guerre<\/strong>\u00ab\u00a0, a d\u00e9clar\u00e9 le pr\u00e9sident finlandais Alexander Stubb \u00e0 des journalistes \u00e0 Helsinki.<\/p>\n<p>\u00ab\u00a0En d&rsquo;autres termes, vous accordez l&rsquo;argent \u00e0 l&rsquo;Ukraine sous la forme d&rsquo;un pr\u00eat sans int\u00e9r\u00eat\u00a0\u00bb, a-t-il ajout\u00e9.<\/p>\n<p>\u00ab\u00a0Et si la Russie ne paie jamais les r\u00e9parations de guerre, alors cet argent sera donn\u00e9 \u00e0 l&rsquo;Ukraine.<\/p>\n<p><strong>La majorit\u00e9 des avoirs russes gel\u00e9s sont d\u00e9tenus par le d\u00e9positaire financier Euroclear en Belgique, qui d\u00e9tient plus de 190 milliards d&rsquo;euros<\/strong>.<\/p>\n<p>Toutefois, le gouvernement belge a jusqu&rsquo;\u00e0 pr\u00e9sent exclu toute proposition de l&rsquo;UE visant \u00e0 d\u00e9bloquer ces fonds, car il estime que cela nuirait gravement \u00e0 la cr\u00e9dibilit\u00e9 internationale de la Belgique dans le domaine des services financiers.<\/p>\n<p>\u00ab\u00a0Les id\u00e9es actuellement sur la table nous semblent probl\u00e9matiques\u00a0\u00bb, a d\u00e9clar\u00e9 un fonctionnaire belge \u00e0 Euronews.<\/p>\n<p>\u00ab\u00a0Elles engloutiraient imm\u00e9diatement les b\u00e9n\u00e9fices suppl\u00e9mentaires sur les actifs gel\u00e9s, r\u00e9duisant ainsi leur valeur \u00e0 long terme\u00a0\u00bb, a-t-il ajout\u00e9.<\/p>\n<p>\u00ab\u00a0En pratique, ce serait presque comme une avance sur les r\u00e9parations futures de la Russie, de l&rsquo;argent qui est en fait destin\u00e9 \u00e0 la reconstruction de l&rsquo;Ukraine, mais qui serait d\u00e9j\u00e0 utilis\u00e9.<\/p>\n<p>\u00ab\u00a0Et dans l&rsquo;intervalle, les risques financiers incomberaient enti\u00e8rement aux \u00c9tats membres\u00a0\u00bb, a ajout\u00e9 le fonctionnaire.<\/p>\n<p>Cependant, M. Stubb a d\u00e9clar\u00e9 qu&rsquo;il pensait que le plan \u00e9tait dans les limites du droit international et que la Belgique ne serait pas la seule \u00e0 prendre le risque.<\/p>\n<p>\u00ab\u00a0Il est conforme au droit international et s&rsquo;il devait y avoir des complications, le fardeau serait partag\u00e9 au-del\u00e0 de la Belgique\u00a0\u00bb, a-t-il d\u00e9clar\u00e9.<\/p>\n<p>\u00ab\u00a0Ce n&rsquo;est donc pas seulement la Belgique qui est tenue pour responsable, car vous accordez un pr\u00eat aux \u00c9tats membres. Je pense que l&rsquo;id\u00e9e est ing\u00e9nieuse, qu&rsquo;elle va fonctionner et qu&rsquo;elle aidera l&rsquo;Ukraine \u00e0 se financer\u00a0\u00bb.<\/p>\n<p>M. Stubb a \u00e9galement d\u00e9clar\u00e9 qu&rsquo;il accueillait favorablement les nouvelles propositions du pr\u00e9sident du Conseil europ\u00e9en, Antonio Costa, visant \u00e0 mettre fin \u00e0 la prise de d\u00e9cision \u00e0 l&rsquo;unanimit\u00e9 parmi les \u00c9tats membres de l&rsquo;UE lorsqu&rsquo;il s&rsquo;agit de l&rsquo;\u00e9largissement de l&rsquo;UE.<\/p>\n<p>Ce projet a vu le jour en r\u00e9ponse au blocage constant par la Hongrie des progr\u00e8s r\u00e9alis\u00e9s par l&rsquo;Ukraine dans le cadre de sa candidature \u00e0 l&rsquo;Union europ\u00e9enne.<\/p>\n<p>\u00ab\u00a0Je me r\u00e9jouis personnellement de toute d\u00e9cision qui offre plus de flexibilit\u00e9 et moins de possibilit\u00e9s de blocage\u00a0\u00bb, a-t-il d\u00e9clar\u00e9. \u00ab\u00a0Et jamais autant qu&rsquo;avec l&rsquo;Ukraine.<\/p>\n","protected":false},"excerpt":{"rendered":"Publi\u00e9 le 30\/09\/2025 &#8211; 20:27 UTC+2 PUBLICIT\u00c9 Selon ce plan, qui gagne du terrain en Allemagne, l&rsquo;UE emprunterait&hellip;\n","protected":false},"author":2,"featured_media":429344,"comment_status":"","ping_status":"","sticky":false,"template":"","format":"standard","meta":{"footnotes":""},"categories":[1591],"tags":[11,1887,219,131,55772,12,1885,1886,132,220],"class_list":{"0":"post-429343","1":"post","2":"type-post","3":"status-publish","4":"format-standard","5":"has-post-thumbnail","7":"category-russie","8":"tag-actualites","9":"tag-federation-de-russie","10":"tag-finlande","11":"tag-guerre-en-ukraine","12":"tag-indemnite-de-guerre","13":"tag-news","14":"tag-russia","15":"tag-russian-federation","16":"tag-russie","17":"tag-ukraine"},"share_on_mastodon":{"url":"https:\/\/pubeurope.com\/@fr\/115294919286085392","error":""},"_links":{"self":[{"href":"https:\/\/www.europesays.com\/fr\/wp-json\/wp\/v2\/posts\/429343","targetHints":{"allow":["GET"]}}],"collection":[{"href":"https:\/\/www.europesays.com\/fr\/wp-json\/wp\/v2\/posts"}],"about":[{"href":"https:\/\/www.europesays.com\/fr\/wp-json\/wp\/v2\/types\/post"}],"author":[{"embeddable":true,"href":"https:\/\/www.europesays.com\/fr\/wp-json\/wp\/v2\/users\/2"}],"replies":[{"embeddable":true,"href":"https:\/\/www.europesays.com\/fr\/wp-json\/wp\/v2\/comments?post=429343"}],"version-history":[{"count":0,"href":"https:\/\/www.europesays.com\/fr\/wp-json\/wp\/v2\/posts\/429343\/revisions"}],"wp:featuredmedia":[{"embeddable":true,"href":"https:\/\/www.europesays.com\/fr\/wp-json\/wp\/v2\/media\/429344"}],"wp:attachment":[{"href":"https:\/\/www.europesays.com\/fr\/wp-json\/wp\/v2\/media?parent=429343"}],"wp:term":[{"taxonomy":"category","embeddable":true,"href":"https:\/\/www.europesays.com\/fr\/wp-json\/wp\/v2\/categories?post=429343"},{"taxonomy":"post_tag","embeddable":true,"href":"https:\/\/www.europesays.com\/fr\/wp-json\/wp\/v2\/tags?post=429343"}],"curies":[{"name":"wp","href":"https:\/\/api.w.org\/{rel}","templated":true}]}}