{"id":429351,"date":"2025-09-30T19:36:10","date_gmt":"2025-09-30T19:36:10","guid":{"rendered":"https:\/\/www.europesays.com\/fr\/429351\/"},"modified":"2025-09-30T19:36:10","modified_gmt":"2025-09-30T19:36:10","slug":"can-uzun-le-crack-turc-qui-aurait-pu-jouer-pour-lallemagne-international-allemagne","status":"publish","type":"post","link":"https:\/\/www.europesays.com\/fr\/429351\/","title":{"rendered":"Can Uzun, le crack turc qui aurait pu jouer pour l\u2019Allemagne &#8211; International &#8211; Allemagne"},"content":{"rendered":"<p>La Mannschaft peut se mordre les doigts.<\/p>\n<p>Artisan <a target=\"_blank\" href=\"https:\/\/www.sofoot.com\/breves\/ligue-des-champions-francfort-foudroie-galatasaray\" rel=\"nofollow noopener\">de la r\u00e9ussite de l\u2019Eintracht Francfort dans ce d\u00e9but de saison<\/a> (7 matchs, 6 buts, 4 passes d\u00e9cisives), le milieu offensif de 19 ans <strong>Can Uzun a fait l\u2019ann\u00e9e derni\u00e8re ses d\u00e9buts en s\u00e9lection turque.<\/strong> Oui mais voil\u00e0, il aurait pu jouer\u2026 pour l\u2019Allemagne. N\u00e9e \u00e0 Ratisbonne de parents turcs, la p\u00e9pite de Francfort a la double nationalit\u00e9. Il a finalement fait le choix du sang, <strong><a target=\"_blank\" href=\"https:\/\/sport.sky.de\/fussball\/artikel\/rudi-voeller-und-andreas-rettig-traurig-wegen-entscheidung-von-can-uzun-gegen-dfb\/13441356\/34130\" rel=\"nofollow noopener\">ce que regrette grandement Rudi V\u00f6ller<\/a>, directeur sportif de la Mannschaft.<\/strong><\/p>\n<p>Rien n\u2019arr\u00eate le choix du c\u0153ur<\/p>\n<p>Interrog\u00e9 en marge de la pr\u00e9sentation du documentaire <a target=\"_blank\" href=\"https:\/\/www.imdb.com\/fr\/title\/tt36481531\/\" rel=\"nofollow noopener\">Rudi V\u00f6ller, il n\u2019y en a qu\u2019un<\/a>, diffus\u00e9 sur Sky, l\u2019ancien attaquant aux 47 buts en s\u00e9lection <strong>est revenu sur ses regrets de ne pas avoir r\u00e9ussi \u00e0 attirer Uzun sous le maillot allemand.<\/strong>\u00a0\u00ab\u00a0Le fait qu\u2019il ait maintenant une telle carri\u00e8re, comme vous pouvez le voir semaine apr\u00e8s semaine \u00e0 la t\u00e9l\u00e9vision, j\u2019en ai les larmes aux yeux, pour \u00eatre honn\u00eate. Parce que c\u2019est exactement ce que nous esp\u00e9rions [pour la s\u00e9lection allemande]. C\u2019est un footballeur merveilleux.\u00a0\u00bb<\/p>\n<p>Alors qu\u2019il n\u2019a que trois capes avec la Turquie, Uzun <strong>peut encore changer de s\u00e9lection selon les r\u00e8gles de la FIFA<\/strong>, mais son choix semble d\u00e9finitif. \u00ab\u00a0Mon c\u0153ur et mon intuition me disaient que la Turquie \u00e9tait le bon choix pour moi\u00a0\u00bb, avait-il expliqu\u00e9 lors de son premier match en mars 2024.<\/p>\n<p>Uzun-Yildiz \u00e0 la place de Wirtz-Musiala, qui dit non\u00a0?<\/p>\n<p>\t\t\t\t\t\t\t\t\t\t<a class=\"lien-connexe\" href=\"https:\/\/www.sofoot.com\/breves\/champion-du-monde-avec-lallemagne-et-ancien-defenseur-du-bayern-munich-jerome-boateng-prend-sa-retraite\" rel=\"nofollow noopener\" target=\"_blank\">Un champion du monde suppl\u00e9mentaire prend sa retraite<\/a>\t\t\t\t\t<\/p>\n","protected":false},"excerpt":{"rendered":"La Mannschaft peut se mordre les doigts. Artisan de la r\u00e9ussite de l\u2019Eintracht Francfort dans ce d\u00e9but de&hellip;\n","protected":false},"author":2,"featured_media":429352,"comment_status":"","ping_status":"","sticky":false,"template":"","format":"standard","meta":{"footnotes":""},"categories":[1587],"tags":[47,11,61,672,69,1804,65,1805,1803,64,1777,674,63,1801,68,66,12,62,70,1802,67],"class_list":{"0":"post-429351","1":"post","2":"type-post","3":"status-publish","4":"format-standard","5":"has-post-thumbnail","7":"category-allemagne","8":"tag-actualite","9":"tag-actualites","10":"tag-actus-football","11":"tag-allemagne","12":"tag-bundesliga","13":"tag-bundesrepublik-deutschland","14":"tag-championnats-europeens","15":"tag-de","16":"tag-deutschland","17":"tag-equipe-de-france","18":"tag-eu","19":"tag-europe","20":"tag-football","21":"tag-germany","22":"tag-ligua","23":"tag-ligue-1","24":"tag-news","25":"tag-news-foot","26":"tag-premier-league","27":"tag-republique-federale-dallemagne","28":"tag-serie-a"},"share_on_mastodon":{"url":"https:\/\/pubeurope.com\/@fr\/115294934427311877","error":""},"_links":{"self":[{"href":"https:\/\/www.europesays.com\/fr\/wp-json\/wp\/v2\/posts\/429351","targetHints":{"allow":["GET"]}}],"collection":[{"href":"https:\/\/www.europesays.com\/fr\/wp-json\/wp\/v2\/posts"}],"about":[{"href":"https:\/\/www.europesays.com\/fr\/wp-json\/wp\/v2\/types\/post"}],"author":[{"embeddable":true,"href":"https:\/\/www.europesays.com\/fr\/wp-json\/wp\/v2\/users\/2"}],"replies":[{"embeddable":true,"href":"https:\/\/www.europesays.com\/fr\/wp-json\/wp\/v2\/comments?post=429351"}],"version-history":[{"count":0,"href":"https:\/\/www.europesays.com\/fr\/wp-json\/wp\/v2\/posts\/429351\/revisions"}],"wp:featuredmedia":[{"embeddable":true,"href":"https:\/\/www.europesays.com\/fr\/wp-json\/wp\/v2\/media\/429352"}],"wp:attachment":[{"href":"https:\/\/www.europesays.com\/fr\/wp-json\/wp\/v2\/media?parent=429351"}],"wp:term":[{"taxonomy":"category","embeddable":true,"href":"https:\/\/www.europesays.com\/fr\/wp-json\/wp\/v2\/categories?post=429351"},{"taxonomy":"post_tag","embeddable":true,"href":"https:\/\/www.europesays.com\/fr\/wp-json\/wp\/v2\/tags?post=429351"}],"curies":[{"name":"wp","href":"https:\/\/api.w.org\/{rel}","templated":true}]}}