{"id":429369,"date":"2025-09-30T19:48:16","date_gmt":"2025-09-30T19:48:16","guid":{"rendered":"https:\/\/www.europesays.com\/fr\/429369\/"},"modified":"2025-09-30T19:48:16","modified_gmt":"2025-09-30T19:48:16","slug":"guardiola-debarque-ambitieux-face-a-monaco","status":"publish","type":"post","link":"https:\/\/www.europesays.com\/fr\/429369\/","title":{"rendered":"Guardiola d\u00e9barque ambitieux face \u00e0 Monaco"},"content":{"rendered":"<p>Apr\u00e8s une derni\u00e8re saison d\u00e9licate, Pep Guardiola adopte une communication positive \u00e0 Manchester. Les Citizens se d\u00e9placent \u00e0 Monaco mercredi soir en Ligue des champions.<\/p>\n<p class=\"fig-paragraph\">\u00abJ&rsquo;aime beaucoup de choses de ce que je vois\u00bb mais Manchester City a encore \u00abbeaucoup de marge\u00bb, a pr\u00e9venu mardi soir l&rsquo;entra\u00eeneur mancunien\u00a0<a href=\"http:\/\/www.lefigaro.fr\/sports\/football\/angleterre\/foot-la-guerre-a-gaza-me-fait-mal-dans-tout-le-corps-affirme-pep-guardiola-20250610\" data-fig-type=\"NewsFlash\" data-gtm-custom-categorie=\"navigation\" data-gtm-custom-action=\"crossclick\" data-gtm-custom-label=\"Contextuel\" data-gtm-event=\"customEventSPE\" data-fig-domain=\"LEFIGARO\" target=\"_blank\" rel=\"noopener\">Pep Guardiola<\/a>\u00a0\u00e0 la veille du match de\u00a0<a href=\"https:\/\/www.lefigaro.fr\/sports\/football\/ligue-des-champions\/calendrier-resultats\" target=\"_blank\" rel=\"nofollow noopener\" data-gtm-custom-categorie=\"navigation\" data-gtm-custom-action=\"crossclick\" data-gtm-custom-label=\"Contextuel\" data-gtm-event=\"customEventSPE\">Ligue des champions \u00e0 Monaco<\/a>.<\/p>\n<p class=\"fig-paragraph\">\u00abJ&rsquo;aime beaucoup de choses de ce que je vois mais on doit encore hausser notre niveau. On doit jouer de mieux en mieux\u00bb, a-t-il dit. \u00abJe veux que mes joueurs sachent \u00e0 quel point nous sommes forts. Mais on doit jouer de mieux en mieux. Car j&rsquo;ai l&rsquo;impression qu&rsquo;on a beaucoup de marge pour progresser\u00bb, a poursuivi le coach catalan.<\/p>\n<p>                                    <a class=\"fig-a11y-skip a11y-hidden\" href=\"#fig-a11y-skip-main-inarticle\"><br \/>\n        Passer la publicit\u00e9<br \/>\n    <\/a><\/p>\n<p class=\"fig-paragraph\">Elimin\u00e9 la saison derni\u00e8re par le Real Madrid en barrage de la Ligue des champions, troisi\u00e8me du championnat anglais apr\u00e8s avoir fr\u00f4l\u00e9 le pire, City, a-t-il conc\u00e9d\u00e9, \u00abaurait pu ne pas jouer en Ligue des champions cette saison\u00bb. \u00abLa saison derni\u00e8re n&rsquo;a pas \u00e9t\u00e9 tr\u00e8s bonne. Et demain (mercredi), c&rsquo;est une \u00e9tape importante pour la suite de saison, a-t-il poursuivi. \u00c9tape par \u00e9tape, on peut redevenir un favori.\u00bb<\/p>\n<p>Cherki absent du groupe<\/p>\n<p class=\"fig-paragraph\">Encore g\u00ean\u00e9 par son genou op\u00e9r\u00e9 l&rsquo;an dernier, Rodri, le Ballon d&rsquo;Or 2024, \u00abpourrait d\u00e9buter mais n&rsquo;est pas capable de jouer trois matches par semaine\u00bb, a indiqu\u00e9 le technicien. L&rsquo;ex-Lyonnais Ryan Cherki, lui, n&rsquo;est pas dans le groupe. \u00abSes blessures \u00e0 l&rsquo;\u00e9paule et aux adducteurs sont difficiles \u00e0 g\u00e9rer, a expliqu\u00e9 Guardiola. Je ne veux pas prendre de risque, dimanche non plus. On verra dans deux semaines. C&rsquo;est important qu&rsquo;il revienne parfaitement, parce qu&rsquo;il a des qualit\u00e9s tr\u00e8s importantes et tr\u00e8s sp\u00e9ciales pour nous.\u00bb<\/p>\n<p class=\"fig-paragraph\">Pr\u00e9sent \u00e0 ses c\u00f4t\u00e9s, Bernardo Silva s&rsquo;appr\u00eate \u00e0 retrouver le stade Louis-II, o\u00f9 l&rsquo;international portugais a fait les beaux jours de Monaco. Il \u00e9tait notamment de l&rsquo;\u00e9quipe qui a \u00e9limin\u00e9 Manchester City en Ligue des champions. C&rsquo;\u00e9tait en 2017, Pep Guardiola en \u00e9tait \u00e0 sa premi\u00e8re saison sur le banc des Skyblues.<\/p>\n<p class=\"fig-paragraph\">\u00abJ&rsquo;ai pass\u00e9 trois saisons excellentes ici, a dit Bernardo Silva. C&rsquo;\u00e9tait ma premi\u00e8re opportunit\u00e9 au plus haut niveau et je remercierai toujours ce club de m&rsquo;avoir donn\u00e9 ma chance.\u00bb \u00abCela fait huit ans et demi que je ne suis pas revenu \u00e0 Louis-II, a-t-il poursuivi. Mais \u00e0 chaque pas que je fais, j&rsquo;ai des souvenirs qui me reviennent. 2017 avait \u00e9t\u00e9 une saison fantastique, avec notre titre de champions et notre parcours europ\u00e9en (\u00e9limination en demi-finales, NDLR).\u00bb Nouveau capitaine de Manchester City, Silva est \u00abs\u00fbr que ce ne sera pas facile\u00bb contre Monaco.<\/p>\n","protected":false},"excerpt":{"rendered":"Apr\u00e8s une derni\u00e8re saison d\u00e9licate, Pep Guardiola adopte une communication positive \u00e0 Manchester. Les Citizens se d\u00e9placent \u00e0&hellip;\n","protected":false},"author":2,"featured_media":429370,"comment_status":"","ping_status":"","sticky":false,"template":"","format":"standard","meta":{"footnotes":""},"categories":[1412],"tags":[4791,786,525,448,1981,1089,814,1451,2257,63,1452,1453,1454,1455,1011,27,2705,447,1307,3490,955,4589,4789,93,4790,1980,60,455],"class_list":{"0":"post-429369","1":"post","2":"type-post","3":"status-publish","4":"format-standard","5":"has-post-thumbnail","7":"category-f1","8":"tag-barcelone","9":"tag-c1","10":"tag-calendrier","11":"tag-champions-league","12":"tag-classement","13":"tag-coupe-deurope","14":"tag-direct","15":"tag-f1","16":"tag-foot","17":"tag-football","18":"tag-formula-1","19":"tag-formula1","20":"tag-formule-1","21":"tag-formule1","22":"tag-fr","23":"tag-france","24":"tag-groupe","25":"tag-ligue-des-champions","26":"tag-lille","27":"tag-liverpool","28":"tag-match","29":"tag-phase-finale","30":"tag-poule","31":"tag-psg","32":"tag-real-madrid","33":"tag-resultats","34":"tag-sports","35":"tag-uefa"},"share_on_mastodon":{"url":"https:\/\/pubeurope.com\/@fr\/115294981575871460","error":""},"_links":{"self":[{"href":"https:\/\/www.europesays.com\/fr\/wp-json\/wp\/v2\/posts\/429369","targetHints":{"allow":["GET"]}}],"collection":[{"href":"https:\/\/www.europesays.com\/fr\/wp-json\/wp\/v2\/posts"}],"about":[{"href":"https:\/\/www.europesays.com\/fr\/wp-json\/wp\/v2\/types\/post"}],"author":[{"embeddable":true,"href":"https:\/\/www.europesays.com\/fr\/wp-json\/wp\/v2\/users\/2"}],"replies":[{"embeddable":true,"href":"https:\/\/www.europesays.com\/fr\/wp-json\/wp\/v2\/comments?post=429369"}],"version-history":[{"count":0,"href":"https:\/\/www.europesays.com\/fr\/wp-json\/wp\/v2\/posts\/429369\/revisions"}],"wp:featuredmedia":[{"embeddable":true,"href":"https:\/\/www.europesays.com\/fr\/wp-json\/wp\/v2\/media\/429370"}],"wp:attachment":[{"href":"https:\/\/www.europesays.com\/fr\/wp-json\/wp\/v2\/media?parent=429369"}],"wp:term":[{"taxonomy":"category","embeddable":true,"href":"https:\/\/www.europesays.com\/fr\/wp-json\/wp\/v2\/categories?post=429369"},{"taxonomy":"post_tag","embeddable":true,"href":"https:\/\/www.europesays.com\/fr\/wp-json\/wp\/v2\/tags?post=429369"}],"curies":[{"name":"wp","href":"https:\/\/api.w.org\/{rel}","templated":true}]}}