{"id":429379,"date":"2025-09-30T19:53:11","date_gmt":"2025-09-30T19:53:11","guid":{"rendered":"https:\/\/www.europesays.com\/fr\/429379\/"},"modified":"2025-09-30T19:53:11","modified_gmt":"2025-09-30T19:53:11","slug":"onet-le-chateau-louna-guitard-signait-son-livre-je-ferai-de-ma-vie-une-victoire","status":"publish","type":"post","link":"https:\/\/www.europesays.com\/fr\/429379\/","title":{"rendered":"Onet-le-Ch\u00e2teau. Louna Guitard signait son livre \u00ab\u00a0Je ferai de ma vie une victoire\u00a0\u00bb"},"content":{"rendered":"<p>Ce samedi, \u00e0 l\u2019Espace culturel Louna Guitard pr\u00e9sentait et signait son premier roman \u00ab\u00a0C\u2019est un livre court, mais qui peut \u00eatre un peu dur, car il aborde des th\u00e9matiques importantes comme la sant\u00e9 mentale, l\u2019absence d\u2019un parent, les probl\u00e8mes de sant\u00e9 et de mobilit\u00e9\u2026\u00a0\u00bb.<\/p>\n<p>C\u2019est sa fa\u00e7on \u00e0 elle de se reconstruire pas \u00e0 pas ; sa plume est son \u00e9chappatoire, mais avant tout, sa victoire, car en fait ce livre est autobiographique et l\u2019\u00e9criture a \u00e9t\u00e9 sa th\u00e9rapie \u00ab\u00a0On n\u2019imagine pas ce que l\u2019\u00e9criture peut apporter, si on ose y aller\u2026 Autant pour soi que pour le livre\u2026\u00a0\u00bb<\/p>\n<p>Ce premier opus est compl\u00e9t\u00e9 par des po\u00e8mes en lien avec les th\u00e8mes abord\u00e9s dans son r\u00e9cit.<\/p>\n<p>La jeune auteure n\u2019en reste pas l\u00e0 : un deuxi\u00e8me livre devrait sortir \u00e0 l\u2019\u00e9t\u00e9 2026, ce sera une suite du premier, toujours autobiographique, mais avec cette fois-ci, avec beaucoup plus de po\u00e9sies.<\/p>\n","protected":false},"excerpt":{"rendered":"Ce samedi, \u00e0 l\u2019Espace culturel Louna Guitard pr\u00e9sentait et signait son premier roman \u00ab\u00a0C\u2019est un livre court, mais&hellip;\n","protected":false},"author":2,"featured_media":429380,"comment_status":"","ping_status":"","sticky":false,"template":"","format":"standard","meta":{"footnotes":""},"categories":[1357],"tags":[1379,58,59,1011,27,1380],"class_list":{"0":"post-429379","1":"post","2":"type-post","3":"status-publish","4":"format-standard","5":"has-post-thumbnail","7":"category-livres","8":"tag-books","9":"tag-divertissement","10":"tag-entertainment","11":"tag-fr","12":"tag-france","13":"tag-livres"},"share_on_mastodon":{"url":"https:\/\/pubeurope.com\/@fr\/115295001321561853","error":""},"_links":{"self":[{"href":"https:\/\/www.europesays.com\/fr\/wp-json\/wp\/v2\/posts\/429379","targetHints":{"allow":["GET"]}}],"collection":[{"href":"https:\/\/www.europesays.com\/fr\/wp-json\/wp\/v2\/posts"}],"about":[{"href":"https:\/\/www.europesays.com\/fr\/wp-json\/wp\/v2\/types\/post"}],"author":[{"embeddable":true,"href":"https:\/\/www.europesays.com\/fr\/wp-json\/wp\/v2\/users\/2"}],"replies":[{"embeddable":true,"href":"https:\/\/www.europesays.com\/fr\/wp-json\/wp\/v2\/comments?post=429379"}],"version-history":[{"count":0,"href":"https:\/\/www.europesays.com\/fr\/wp-json\/wp\/v2\/posts\/429379\/revisions"}],"wp:featuredmedia":[{"embeddable":true,"href":"https:\/\/www.europesays.com\/fr\/wp-json\/wp\/v2\/media\/429380"}],"wp:attachment":[{"href":"https:\/\/www.europesays.com\/fr\/wp-json\/wp\/v2\/media?parent=429379"}],"wp:term":[{"taxonomy":"category","embeddable":true,"href":"https:\/\/www.europesays.com\/fr\/wp-json\/wp\/v2\/categories?post=429379"},{"taxonomy":"post_tag","embeddable":true,"href":"https:\/\/www.europesays.com\/fr\/wp-json\/wp\/v2\/tags?post=429379"}],"curies":[{"name":"wp","href":"https:\/\/api.w.org\/{rel}","templated":true}]}}