{"id":429383,"date":"2025-09-30T19:55:15","date_gmt":"2025-09-30T19:55:15","guid":{"rendered":"https:\/\/www.europesays.com\/fr\/429383\/"},"modified":"2025-09-30T19:55:15","modified_gmt":"2025-09-30T19:55:15","slug":"cest-intime-ce-que-jadmire-chez-elle-vianney-fait-de-rares-confidences-sur-catherine-robert-son-epouse-depuis-cinq-ans","status":"publish","type":"post","link":"https:\/\/www.europesays.com\/fr\/429383\/","title":{"rendered":"\u00ab\u00a0C&rsquo;est intime ce que j&rsquo;admire chez elle\u00a0\u00bb\u00a0: Vianney fait de rares confidences sur Catherine Robert, son \u00e9pouse depuis cinq ans"},"content":{"rendered":"<p class=\"text-left ap-StoryElement ap-StoryElement--mb ap-StoryText\">Depuis son titre \u00ab\u00a0Pas l\u00e0\u00a0\u00bb que vous avez certainement fredonn\u00e9 pendant des semaines, Vianney s&rsquo;est impos\u00e9 dans le paysage musical francophone, jusqu&rsquo;\u00e0 en devenir une figure incontournable. Apr\u00e8s plusieurs albums et tubes, l&rsquo;artiste a fait un choix surprenant : il s&rsquo;est isol\u00e9 en for\u00eat pour donner un nouveau souffle \u00e0 sa cr\u00e9ativit\u00e9.<\/p>\n<p class=\"text-left ap-StoryElement ap-StoryElement--mb ap-StoryText\">Au milieu de cette retraite en pleine nature, Vianney a tout de m\u00eame retrouv\u00e9 la civilisation le temps d&rsquo;une interview, accord\u00e9e au m\u00e9dia Lou. L&rsquo;occasion pour lui d&rsquo;aborder le sujet de sa vie de famille. Le chanteur a toujours \u00e9t\u00e9 tr\u00e8s discret \u00e0 ce propos, lui qui a simplement \u00e9voqu\u00e9 son r\u00f4le particulier de \u00ab\u00a0beau-papa\u00a0\u00bb dans un titre au succ\u00e8s retentissant. Depuis 2020, Vianney et sa femme Catherine Robert sont les heureux parents d&rsquo;un petit Edgar. Au micro de Lou, il est revenu sur les qualit\u00e9s de sa femme.<\/p>\n","protected":false},"excerpt":{"rendered":"Depuis son titre \u00ab\u00a0Pas l\u00e0\u00a0\u00bb que vous avez certainement fredonn\u00e9 pendant des semaines, Vianney s&rsquo;est impos\u00e9 dans le&hellip;\n","protected":false},"author":2,"featured_media":429384,"comment_status":"","ping_status":"","sticky":false,"template":"","format":"standard","meta":{"footnotes":""},"categories":[1355],"tags":[26262,1696,9260,58,55775,59,1011,27,1361,873,32299,8475,55776],"class_list":{"0":"post-429383","1":"post","2":"type-post","3":"status-publish","4":"format-standard","5":"has-post-thumbnail","7":"category-musique","8":"tag-catherine-robert","9":"tag-chanteur","10":"tag-confidences","11":"tag-divertissement","12":"tag-edgar","13":"tag-entertainment","14":"tag-fr","15":"tag-france","16":"tag-music","17":"tag-musique","18":"tag-qualites","19":"tag-vianney","20":"tag-violon"},"share_on_mastodon":{"url":"https:\/\/pubeurope.com\/@fr\/115295009704939920","error":""},"_links":{"self":[{"href":"https:\/\/www.europesays.com\/fr\/wp-json\/wp\/v2\/posts\/429383","targetHints":{"allow":["GET"]}}],"collection":[{"href":"https:\/\/www.europesays.com\/fr\/wp-json\/wp\/v2\/posts"}],"about":[{"href":"https:\/\/www.europesays.com\/fr\/wp-json\/wp\/v2\/types\/post"}],"author":[{"embeddable":true,"href":"https:\/\/www.europesays.com\/fr\/wp-json\/wp\/v2\/users\/2"}],"replies":[{"embeddable":true,"href":"https:\/\/www.europesays.com\/fr\/wp-json\/wp\/v2\/comments?post=429383"}],"version-history":[{"count":0,"href":"https:\/\/www.europesays.com\/fr\/wp-json\/wp\/v2\/posts\/429383\/revisions"}],"wp:featuredmedia":[{"embeddable":true,"href":"https:\/\/www.europesays.com\/fr\/wp-json\/wp\/v2\/media\/429384"}],"wp:attachment":[{"href":"https:\/\/www.europesays.com\/fr\/wp-json\/wp\/v2\/media?parent=429383"}],"wp:term":[{"taxonomy":"category","embeddable":true,"href":"https:\/\/www.europesays.com\/fr\/wp-json\/wp\/v2\/categories?post=429383"},{"taxonomy":"post_tag","embeddable":true,"href":"https:\/\/www.europesays.com\/fr\/wp-json\/wp\/v2\/tags?post=429383"}],"curies":[{"name":"wp","href":"https:\/\/api.w.org\/{rel}","templated":true}]}}