{"id":429395,"date":"2025-09-30T20:01:15","date_gmt":"2025-09-30T20:01:15","guid":{"rendered":"https:\/\/www.europesays.com\/fr\/429395\/"},"modified":"2025-09-30T20:01:15","modified_gmt":"2025-09-30T20:01:15","slug":"deja-pres-de-18-000-commandes-de-vehicules-electriques-quelques-heures-apres-son-lancement","status":"publish","type":"post","link":"https:\/\/www.europesays.com\/fr\/429395\/","title":{"rendered":"d\u00e9j\u00e0 pr\u00e8s de 18.000 commandes de v\u00e9hicules \u00e9lectriques quelques heures apr\u00e8s son lancement"},"content":{"rendered":"<p>L\u2019aide gouvernemental \u00e0 la location, victime de son succ\u00e8s en 2024, est limit\u00e9e \u00e0 50.000 v\u00e9hicules, dont 5000 r\u00e9serv\u00e9es aux personnes vivant ou travaillant dans des ZFE.<\/p>\n<p class=\"fig-paragraph\">La deuxi\u00e8me vague du\u00a0<a href=\"http:\/\/www.lefigaro.fr\/conso\/voitures-electriques-a-quoi-va-ressembler-la-nouvelle-version-du-leasing-social-20250523\" target=\"_blank\" data-fig-type=\"NewsFlash\" rel=\"noopener\" data-gtm-custom-categorie=\"navigation\" data-gtm-custom-action=\"crossclick\" data-gtm-custom-label=\"Contextuel\" data-gtm-event=\"customEventSPE\" data-fig-domain=\"LEFIGARO\">\u00ableasing social\u00bb<\/a>\u00a0de voitures \u00e9lectriques part sur les m\u00eames bases que sa premi\u00e8re \u00e9dition. Quelques heures apr\u00e8s son lancement ce mardi, pr\u00e8s de 18.000 commandes avaient d\u00e9j\u00e0 \u00e9t\u00e9 d\u00e9clar\u00e9es \u00e0 18 heures par les concessionnaires, sur la plateforme d\u00e9di\u00e9e au dispositif d\u2019aide gouvernemental \u00e0 la location de v\u00e9hicules \u00e9lectriques pour les foyers modestes, selon les chiffres communiqu\u00e9s au Figaro par le minist\u00e8re de la Transition \u00e9cologique. Dont 3900 \u00aben zones \u00e0 enjeu pour la qualit\u00e9 de l\u2019air\u00bb, les fameuses\u00a0<a href=\"http:\/\/www.lefigaro.fr\/flash-eco\/zfe-environ-400-motards-ont-manifeste-a-paris-ce-samedi-20250517\" target=\"_blank\" data-fig-type=\"NewsFlash\" rel=\"noopener\" data-gtm-custom-categorie=\"navigation\" data-gtm-custom-action=\"crossclick\" data-gtm-custom-label=\"Contextuel\" data-gtm-event=\"customEventSPE\" data-fig-domain=\"LEFIGARO\">Zones \u00e0 faible \u00e9mission (ZFE)<\/a>.<\/p>\n<p class=\"fig-paragraph\">Des chiffres \u00abdonn\u00e9s sous r\u00e9serve de la validation des dossiers transmis\u00bb, indique le minist\u00e8re de la Transition \u00e9cologique, qui pr\u00e9cise que les bons de commande peuvent \u00eatre sign\u00e9s \u00e0 partir de ce mardi et que \u00ables concessionnaires peuvent les d\u00e9clarer aupr\u00e8s de l\u2019agence de services et de paiement depuis 14 heures\u00bb.<\/p>\n<p>                                    <a class=\"fig-a11y-skip a11y-hidden\" href=\"#fig-a11y-skip-main-inarticle\"><br \/>\n        Passer la publicit\u00e9<br \/>\n    <\/a><\/p>\n<p class=\"fig-paragraph\">Comme l\u2019ann\u00e9e derni\u00e8re, la nouvelle \u00e9dition du leasing social devrait donc \u00eatre rapidement referm\u00e9e. L\u2019aide est en effet limit\u00e9e \u00e0 50.000 voitures \u00e9lectriques, dont 5000 r\u00e9serv\u00e9es aux personnes vivant ou travaillant dans des ZFE, avec la r\u00e8gle du premier arriv\u00e9, premier servi. Toutes les offres propos\u00e9es sont \u00e0 moins de 200 euros par mois, 95 euros pour les moins ch\u00e8res, pour une dur\u00e9e d\u2019au moins trois ans. Les livraisons des v\u00e9hicules commenceront en octobre. Le dispositif est dot\u00e9 d\u2019une enveloppe d\u2019environ 370 millions d\u2019euros, qui sera financ\u00e9e par des Certificats d\u2019\u00e9conomie d\u2019\u00e9nergie (CEE).<\/p>\n","protected":false},"excerpt":{"rendered":"L\u2019aide gouvernemental \u00e0 la location, victime de son succ\u00e8s en 2024, est limit\u00e9e \u00e0 50.000 v\u00e9hicules, dont 5000&hellip;\n","protected":false},"author":2,"featured_media":429396,"comment_status":"","ping_status":"","sticky":false,"template":"","format":"standard","meta":{"footnotes":""},"categories":[6],"tags":[35,33,34,1011,27,321],"class_list":{"0":"post-429395","1":"post","2":"type-post","3":"status-publish","4":"format-standard","5":"has-post-thumbnail","7":"category-economie","8":"tag-business","9":"tag-economie","10":"tag-economy","11":"tag-fr","12":"tag-france","13":"tag-voiture-electrique"},"share_on_mastodon":{"url":"https:\/\/pubeurope.com\/@fr\/115295032785135524","error":""},"_links":{"self":[{"href":"https:\/\/www.europesays.com\/fr\/wp-json\/wp\/v2\/posts\/429395","targetHints":{"allow":["GET"]}}],"collection":[{"href":"https:\/\/www.europesays.com\/fr\/wp-json\/wp\/v2\/posts"}],"about":[{"href":"https:\/\/www.europesays.com\/fr\/wp-json\/wp\/v2\/types\/post"}],"author":[{"embeddable":true,"href":"https:\/\/www.europesays.com\/fr\/wp-json\/wp\/v2\/users\/2"}],"replies":[{"embeddable":true,"href":"https:\/\/www.europesays.com\/fr\/wp-json\/wp\/v2\/comments?post=429395"}],"version-history":[{"count":0,"href":"https:\/\/www.europesays.com\/fr\/wp-json\/wp\/v2\/posts\/429395\/revisions"}],"wp:featuredmedia":[{"embeddable":true,"href":"https:\/\/www.europesays.com\/fr\/wp-json\/wp\/v2\/media\/429396"}],"wp:attachment":[{"href":"https:\/\/www.europesays.com\/fr\/wp-json\/wp\/v2\/media?parent=429395"}],"wp:term":[{"taxonomy":"category","embeddable":true,"href":"https:\/\/www.europesays.com\/fr\/wp-json\/wp\/v2\/categories?post=429395"},{"taxonomy":"post_tag","embeddable":true,"href":"https:\/\/www.europesays.com\/fr\/wp-json\/wp\/v2\/tags?post=429395"}],"curies":[{"name":"wp","href":"https:\/\/api.w.org\/{rel}","templated":true}]}}