{"id":429404,"date":"2025-09-30T20:06:40","date_gmt":"2025-09-30T20:06:40","guid":{"rendered":"https:\/\/www.europesays.com\/fr\/429404\/"},"modified":"2025-09-30T20:06:40","modified_gmt":"2025-09-30T20:06:40","slug":"le-jugement-rendu-le-1er-decembre-gael-perdriau-clame-son-innocence","status":"publish","type":"post","link":"https:\/\/www.europesays.com\/fr\/429404\/","title":{"rendered":"le jugement rendu le 1er d\u00e9cembre, Ga\u00ebl Perdriau clame son innocence"},"content":{"rendered":"<p>L&rsquo;audience s&rsquo;est achev\u00e9e ce mardi. <a href=\"https:\/\/www.lejsl.com\/p\/gael-perdriau\" target=\"_blank\" rel=\"nofollow noopener\">Ga\u00ebl Perdriau<\/a>, maire de Saint-\u00c9tienne (Loire), et sept autres pr\u00e9venus \u00e9taient jug\u00e9s <a href=\"https:\/\/www.lejsl.com\/faits-divers-justice\/2025\/09\/22\/affaire-perdriau-le-proces-du-presume-chantage-a-la-sextape-a-demarre\" target=\"_blank\" rel=\"nofollow noopener\">depuis la semaine derni\u00e8re<\/a> au tribunal correctionnel de Lyon dans l&rsquo;affaire du chantage \u00e0 la sextape. L&rsquo;audience a \u00e9t\u00e9 lev\u00e9e \u00e0 la mi-journ\u00e9e juste apr\u00e8s une derni\u00e8re intervention de l&rsquo;\u00e9lu, soutenant \u00e0 nouveau son innocence \u00e0 la barre, selon <a href=\"https:\/\/www.leprogres.fr\/faits-divers-justice\/2025\/09\/30\/proces-perdriau-le-jugement-mis-en-delibere-la-decision-sera-rendue-le-1er-decembre\" target=\"_blank\" rel=\"nofollow noopener\">Le Progr\u00e8s<\/a>.<\/p>\n<p>La d\u00e9fense a plaid\u00e9 la relaxe. Ga\u00ebl Perdriau \u00ab n&rsquo;a jamais eu la vid\u00e9o et aucun \u00e9crit ne montre qu&rsquo;il a donn\u00e9 son aval \u00e0 cette odieuse op\u00e9ration \u00bb, a d\u00e9clar\u00e9 Me Jean-F\u00e9lix Luciani, en demandant de d\u00e9clarer son client non coupable \u00ab au b\u00e9n\u00e9fice du doute \u00bb.<\/p>\n<p>\u00ab Je comprends leur souffrance, mais je n\u2019en suis pas le responsable\u00a0\u00bb<\/p>\n<p>\u00ab Je dis aux victimes et \u00e0 leurs familles que je comprends leur souffrance, mais je n\u2019en suis pas le responsable \u00bb, a aussi d\u00e9clar\u00e9 Ga\u00ebl Perdriau ce mardi, en r\u00e9f\u00e9rence principalement \u00e0 son ancien premier adjoint, Gilles Artigues. C&rsquo;est ce centriste catholique oppos\u00e9 au mariage homosexuel qui a \u00e9t\u00e9 film\u00e9 \u00e0 son insu en janvier 2015 avec un prostitu\u00e9 dans une chambre d&rsquo;h\u00f4tel \u00e0 Paris.<\/p>\n<p>Des membres de l&rsquo;entourage du maire ont admis avoir complot\u00e9 pour le pi\u00e9ger et ont assur\u00e9 avoir agi avec l&rsquo;aval de Ga\u00ebl Perdriau qui, selon eux, voulaient \u00ab tenir \u00bb son premier adjoint dont il doutait de la loyaut\u00e9. Ils \u00ab\u00a0ont \u00e9t\u00e9 trait\u00e9s comme des t\u00e9moins \u00e0 charge, alors qu&rsquo;ils sont des pr\u00e9venus qui mentent pour tenter d\u2019att\u00e9nuer leur responsabilit\u00e9, et \u00e7a marche !\u00a0\u00bb, a d\u00e9plor\u00e9 Me Luciani. Quant \u00e0 l&rsquo;enregistrement d&rsquo;une conversation, o\u00f9 l&rsquo;on entend Ga\u00ebl Perdriau \u00e9voquer une diffusion de la vid\u00e9o compromettante \u00ab en petits cercles \u00bb, il \u00ab pourrait peut-\u00eatre faire apparaitre l\u2019infraction de menace, mais elle ne peut pas \u00eatre qualifi\u00e9e de chantage ou de tentative \u00bb, a plaid\u00e9 l&rsquo;avocat.<\/p>\n<p>Concernant le versement de 40 000 euros de subventions \u00e0 deux associations st\u00e9phanoises, qui ont ensuite r\u00e9mun\u00e9r\u00e9 l&rsquo;auteur du pi\u00e8ge, Me Luciani a relev\u00e9 qu&rsquo;il n&rsquo;y avait eu \u00ab aucune irr\u00e9gularit\u00e9 \u00bb dans la proc\u00e9dure d&rsquo;attribution de ces fonds publics et que la procureure avait requis la relaxe pour les couples qui dirigent ces organisations.<\/p>\n<p>Cinq ans de prison requis, dont trois ferme<\/p>\n<p>Le jugement dans cette affaire sera rendu le lundi 1\u1d49\u02b3 d\u00e9cembre \u00e0 9 h 30. Lundi, le tribunal correctionnel de Lyon a <a href=\"https:\/\/www.lejsl.com\/faits-divers-justice\/2025\/09\/29\/affaire-de-la-sextape-trois-ans-de-prison-ferme-requis-a-l-encontre-du-maire-gael-perdriau\" target=\"_blank\" rel=\"nofollow noopener\">requis cinq ans de prison, dont trois ferme<\/a> et non am\u00e9nageable et cinq ans d&rsquo;in\u00e9ligibilit\u00e9 avec ex\u00e9cution imm\u00e9diate \u00e0 l&rsquo;encontre de Ga\u00ebl Perdriau.<\/p>\n<p class=\"note\">&gt;&gt; Lire l&rsquo;article du <a href=\"https:\/\/www.leprogres.fr\/faits-divers-justice\/2025\/09\/30\/proces-perdriau-le-jugement-mis-en-delibere-la-decision-sera-rendue-le-1er-decembre\" target=\"_blank\" rel=\"nofollow noopener\">Progr\u00e8s<\/a>.<\/p>\n","protected":false},"excerpt":{"rendered":"L&rsquo;audience s&rsquo;est achev\u00e9e ce mardi. Ga\u00ebl Perdriau, maire de Saint-\u00c9tienne (Loire), et sept autres pr\u00e9venus \u00e9taient jug\u00e9s depuis&hellip;\n","protected":false},"author":2,"featured_media":429405,"comment_status":"","ping_status":"","sticky":false,"template":"","format":"standard","meta":{"footnotes":""},"categories":[9653],"tags":[1111,11,2430,1777,674,274,107,1011,27,329,12,316,25,4001],"class_list":{"0":"post-429404","1":"post","2":"type-post","3":"status-publish","4":"format-standard","5":"has-post-thumbnail","7":"category-saint-etienne","8":"tag-actu","9":"tag-actualites","10":"tag-auvergne-rhone-alpes","11":"tag-eu","12":"tag-europe","13":"tag-faits-divers-justice","14":"tag-fil-info","15":"tag-fr","16":"tag-france","17":"tag-france-monde","18":"tag-news","19":"tag-politique","20":"tag-republique-francaise","21":"tag-saint-etienne"},"share_on_mastodon":{"url":"https:\/\/pubeurope.com\/@fr\/115295052428742342","error":""},"_links":{"self":[{"href":"https:\/\/www.europesays.com\/fr\/wp-json\/wp\/v2\/posts\/429404","targetHints":{"allow":["GET"]}}],"collection":[{"href":"https:\/\/www.europesays.com\/fr\/wp-json\/wp\/v2\/posts"}],"about":[{"href":"https:\/\/www.europesays.com\/fr\/wp-json\/wp\/v2\/types\/post"}],"author":[{"embeddable":true,"href":"https:\/\/www.europesays.com\/fr\/wp-json\/wp\/v2\/users\/2"}],"replies":[{"embeddable":true,"href":"https:\/\/www.europesays.com\/fr\/wp-json\/wp\/v2\/comments?post=429404"}],"version-history":[{"count":0,"href":"https:\/\/www.europesays.com\/fr\/wp-json\/wp\/v2\/posts\/429404\/revisions"}],"wp:featuredmedia":[{"embeddable":true,"href":"https:\/\/www.europesays.com\/fr\/wp-json\/wp\/v2\/media\/429405"}],"wp:attachment":[{"href":"https:\/\/www.europesays.com\/fr\/wp-json\/wp\/v2\/media?parent=429404"}],"wp:term":[{"taxonomy":"category","embeddable":true,"href":"https:\/\/www.europesays.com\/fr\/wp-json\/wp\/v2\/categories?post=429404"},{"taxonomy":"post_tag","embeddable":true,"href":"https:\/\/www.europesays.com\/fr\/wp-json\/wp\/v2\/tags?post=429404"}],"curies":[{"name":"wp","href":"https:\/\/api.w.org\/{rel}","templated":true}]}}