{"id":429418,"date":"2025-09-30T20:14:19","date_gmt":"2025-09-30T20:14:19","guid":{"rendered":"https:\/\/www.europesays.com\/fr\/429418\/"},"modified":"2025-09-30T20:14:19","modified_gmt":"2025-09-30T20:14:19","slug":"de-nombreux-salaries-en-greve","status":"publish","type":"post","link":"https:\/\/www.europesays.com\/fr\/429418\/","title":{"rendered":"de nombreux salari\u00e9s en gr\u00e8ve"},"content":{"rendered":"<p class=\"article__intro\">Le mouvement social concerne une trentaine d&rsquo;\u00e9tablissements du groupe Vivalto sur l&rsquo;ensemble du territoire. Dans la r\u00e9gion, une partie des salari\u00e9s des cliniques Mathilde, Europe et Saint-Antoine, implant\u00e9es dans l&rsquo;agglom\u00e9ration rouennaise, ainsi que la clinique Pasteur \u00e0 \u00c9vreux sont en gr\u00e8ve ce mardi 30 septembre 2025. \u00c0 l&rsquo;heure o\u00f9 syndicats et direction d\u00e9battent autour des n\u00e9gociations annuelles obligatoires, les salari\u00e9s demandent de meilleures conditions de travail et une hausse g\u00e9n\u00e9rale des salaires.<\/p>\n<p>\n      La Quotidienne Soci\u00e9t\u00e9\n    <\/p>\n<p>\n      De la vie quotidienne aux grands enjeux, recevez tous les jours les sujets qui font la soci\u00e9t\u00e9 locale, comme la justice, l\u2019\u00e9ducation, la sant\u00e9 et la famille.\n    <\/p>\n<p>    France T\u00e9l\u00e9visions utilise votre adresse e-mail afin de vous envoyer la newsletter \u00ab\u00a0La Quotidienne Soci\u00e9t\u00e9\u00a0\u00bb. Vous pouvez vous d\u00e9sinscrire \u00e0 tout moment via le lien en bas de cette newsletter. <a target=\"_blank\" href=\"https:\/\/www.francetelevisions.fr\/groupe\/confidentialite\/politique-de-confidentialite\/politique-de-confidentialite-de-france-televisions-6503\" rel=\"nofollow noopener\">Notre politique de confidentialit\u00e9<\/a><\/p>\n<p>L&rsquo;intersyndicale parle d&rsquo;une \u00ab\u00a0journ\u00e9e noire\u00a0\u00bb, communiquant sur l&rsquo;urgence \u00e0 passer \u00e0 l&rsquo;action. <br \/>Ce matin, pr\u00e8s de 200 salari\u00e9s gr\u00e9vistes des cliniques Mathilde et de l&rsquo;Europe \u00e0 Rouen se sont retrouv\u00e9s devant leurs \u00e9tablissements pour demander des hausses de salaires et de meilleures conditions de travail.<\/p>\n<p>Vivalto Sant\u00e9, troisi\u00e8me groupe de sant\u00e9 \u00e0 but lucratif en France, poss\u00e8de 52 cliniques r\u00e9parties sur le territoire fran\u00e7ais. Une situation \u00e9conomique jug\u00e9e plut\u00f4t florissante par les salari\u00e9s, qui demande des augmentations de salaires.<\/p>\n<p>Une hausse refus\u00e9e pour l&rsquo;heure par le groupe, qui argumente, selon l&rsquo;intersyndicale, \u00ab\u00a0qu&rsquo;il ne re\u00e7oit pas d&rsquo;aides de l&rsquo;\u00e9tat \u00e0 la hauteur de ses attentes\u00a0\u00bb.<\/p>\n<p>L&rsquo;intersyndicale avait demand\u00e9 une hausse g\u00e9n\u00e9rale et nationale des salaires, qui compense le niveau de l&rsquo;inflation.<\/p>\n<p>Un comit\u00e9 de groupe extraordinaire du groupe s&rsquo;est tenu le 12 septembre dernier, apr\u00e8s l&rsquo;annonce du mouvement social national orchestr\u00e9 par une intersyndicale (CGT, FO, Sud, CFTC).<\/p>\n<p>Le groupe Vivalto Sant\u00e9 a choisi de laisser chaque \u00e9tablissement g\u00e9r\u00e9 les salaires au cours des NAO, les n\u00e9gociations annuelles obligatoires. Ce qui ne convient pas aux syndicats.<\/p>\n<p>\u00ab\u00a0On avance sur ces diff\u00e9rents sujets, \u00e0 la fois sur la revalorisation salariale, en tenant compte effectivement de notre contexte \u00e9conomique, et sur les conditions de travail avec divers projets qui concernant l&rsquo;AQVCT, la qualit\u00e9 de vie au travail\u00a0\u00bb, argumente Ludovic Rebouillat, le directeur de la clinique de l&rsquo;Europe.<\/p>\n<p>Les infirmi\u00e8res rencontr\u00e9es ce matin devant la clinique de L&rsquo;Europe se disent pourtant moins bien pay\u00e9es que les salari\u00e9s des \u00e9tablissements de sant\u00e9 publique.<\/p>\n<p>\n<a data-article-figure=\"\" href=\"https:\/\/france3-regions.franceinfo.fr\/image\/JGMzIE4BFlAhWb2i8HzkAEDGTJ8\/4032x3024\/regions\/2025\/09\/30\/vivalto-68dbaaae863b7875657227.jpg\" data-pswp-width=\"4032\" data-pswp-height=\"3024\" target=\"_blank\" rel=\"nofollow noopener\"><\/p>\n<p>          <img width=\"600\" height=\"400\" class=\"article-image lazy\" data-src=\"https:\/\/www.europesays.com\/fr\/wp-content\/uploads\/2025\/09\/vivalto-68dbaaae863b7875657227.jpg\" alt=\"Les salari\u00e9s des cliniques priv\u00e9es Vivalto, ici Clinique de l'Europe \u00e0 Rouen, demandent des augmentations de salaire\" fetchpriority=\"high\" as=\"image\"\/><\/p>\n<p>\n            Les salari\u00e9s des cliniques priv\u00e9es Vivalto, ici Clinique de l&rsquo;Europe \u00e0 Rouen, demandent des augmentations de salaire<br \/>\n                           \u2022<br \/>\n                                      \u00a9 F.Pesquet, FTV\n                      <\/p>\n<p><\/a><\/p>\n<p>\u00ab\u00a0Nous sommes plut\u00f4t d&rsquo;habitude sur des mouvements individuels, explique Philippe Tesson, d\u00e9l\u00e9gu\u00e9 syndical CGT rencontr\u00e9 ce midi. Chaque \u00e9tablissement fait gr\u00e8ve de son c\u00f4t\u00e9 et revendique individuellement. L\u00e0, on montre l&rsquo;aspect unitaire des salari\u00e9s et les revendications communes sur l&rsquo;ensemble du groupe Vivalto Sant\u00e9, \u00e0 l&rsquo;heure actuelle nous n&rsquo;avons que des primes et pas d&rsquo;augmentation salariale.\u00a0\u00ab\u00a0<\/p>\n<blockquote class=\"ftvi_content_quote\">\n<p class=\"ftvi_citation_quote\">Depuis plusieurs ann\u00e9es le groupe nous fait miroiter des primes ponctuelles, et jamais d&rsquo;augmentations p\u00e9rennes. C&rsquo;est notre principale revendication.<\/p>\n<p>Philippe Tesson, d\u00e9l\u00e9gu\u00e9 syndical CGT<\/p>\n<\/blockquote>\n<p>Le syndicaliste ajoute que ces petits salaires cr\u00e9ent un manque d&rsquo;attractivit\u00e9 sur ces \u00e9tablissements priv\u00e9s, comme ceux de Mathilde ou Saint-Antoine. \u00ab\u00a0On observe des carences sur l&rsquo;ensemble des \u00e9tablissements, Mathilde, Europe, Saint-Antoine, sur l&rsquo;ensemble du groupe Vivalto Sant\u00e9. En rendant plus attractif et avec le salaire aussi, nous pourrions fid\u00e9liser plus facilement les salari\u00e9s du groupe.\u00a0\u00bb<\/p>\n<p>Reportage de M\u00e9lanie Caron et Fran\u00e7ois Pesquet dans ICI 12\/13 :<\/p>\n<p>    dur\u00e9e de la vid\u00e9o : 00h02mn04s<\/p>\n<p>        <img decoding=\"async\" width=\"640\" height=\"426\" class=\"article-image not-lazy\" src=\"https:\/\/france3-regions.franceinfo.fr\/assets\/img\/logos\/fallbackFr3_16_9.webp\" alt=\"\" fetchpriority=\"high\"\/><\/p>\n<p>              Voir la video\u00a0(2 minutes 4 secondes).\u00a0<br \/>\n                  2 min 4 s<\/p>\n<p>\n          {}<\/p>\n<p>        \u2022<\/p>\n<p>              \u00a9France t\u00e9l\u00e9visions\n      <\/p>\n<p>Vivalto Sant\u00e9 g\u00e8re pr\u00e8s de 100 \u00e9tablissements de sant\u00e9, h\u00f4pitaux et cliniques priv\u00e9es, et 21 000 salari\u00e9s. Il peut se pr\u00e9valoir de plus de deux milliards de chiffre d&rsquo;affaires.<\/p>\n<p>Vivalto s&rsquo;est aussi d\u00e9velopp\u00e9 en Europe, en s&rsquo;implantant dans cinq pays, en Suisse, Portugal, Espagne, Slovaquie et en R\u00e9publique tch\u00e8que.<\/p>\n<p>L&rsquo;intersyndicale se dit ouverte aux n\u00e9gociations avec l&rsquo;ensemble des \u00e9tablissements, et surtout avec les directions individuelles.<\/p>\n<p>De son c\u00f4t\u00e9 la direction des cliniques rouennaises a communiqu\u00e9 qu&rsquo;elle ne recevra pas de d\u00e9l\u00e9gation aujourd&rsquo;hui, et renvoie les salari\u00e9s aux discussions autour des n\u00e9gociations annuelles obligatoires.<\/p>\n<p>Enfin, les patients des \u00e9tablissements concern\u00e9s par la gr\u00e8ve ont \u00e9t\u00e9 pr\u00e9venus assez t\u00f4t des \u00e9ventuelles perturbations dans leur prise en charge, et les interventions programm\u00e9es ont \u00e9t\u00e9 report\u00e9es.<\/p>\n","protected":false},"excerpt":{"rendered":"Le mouvement social concerne une trentaine d&rsquo;\u00e9tablissements du groupe Vivalto sur l&rsquo;ensemble du territoire. Dans la r\u00e9gion, une&hellip;\n","protected":false},"author":2,"featured_media":429419,"comment_status":"","ping_status":"","sticky":false,"template":"","format":"standard","meta":{"footnotes":""},"categories":[9587],"tags":[1111,11,1777,674,1011,27,12,5161,25,9590],"class_list":{"0":"post-429418","1":"post","2":"type-post","3":"status-publish","4":"format-standard","5":"has-post-thumbnail","7":"category-rouen","8":"tag-actu","9":"tag-actualites","10":"tag-eu","11":"tag-europe","12":"tag-fr","13":"tag-france","14":"tag-news","15":"tag-normandie","16":"tag-republique-francaise","17":"tag-rouen"},"share_on_mastodon":{"url":"https:\/\/pubeurope.com\/@fr\/115295085012996343","error":""},"_links":{"self":[{"href":"https:\/\/www.europesays.com\/fr\/wp-json\/wp\/v2\/posts\/429418","targetHints":{"allow":["GET"]}}],"collection":[{"href":"https:\/\/www.europesays.com\/fr\/wp-json\/wp\/v2\/posts"}],"about":[{"href":"https:\/\/www.europesays.com\/fr\/wp-json\/wp\/v2\/types\/post"}],"author":[{"embeddable":true,"href":"https:\/\/www.europesays.com\/fr\/wp-json\/wp\/v2\/users\/2"}],"replies":[{"embeddable":true,"href":"https:\/\/www.europesays.com\/fr\/wp-json\/wp\/v2\/comments?post=429418"}],"version-history":[{"count":0,"href":"https:\/\/www.europesays.com\/fr\/wp-json\/wp\/v2\/posts\/429418\/revisions"}],"wp:featuredmedia":[{"embeddable":true,"href":"https:\/\/www.europesays.com\/fr\/wp-json\/wp\/v2\/media\/429419"}],"wp:attachment":[{"href":"https:\/\/www.europesays.com\/fr\/wp-json\/wp\/v2\/media?parent=429418"}],"wp:term":[{"taxonomy":"category","embeddable":true,"href":"https:\/\/www.europesays.com\/fr\/wp-json\/wp\/v2\/categories?post=429418"},{"taxonomy":"post_tag","embeddable":true,"href":"https:\/\/www.europesays.com\/fr\/wp-json\/wp\/v2\/tags?post=429418"}],"curies":[{"name":"wp","href":"https:\/\/api.w.org\/{rel}","templated":true}]}}