{"id":429422,"date":"2025-09-30T20:16:15","date_gmt":"2025-09-30T20:16:15","guid":{"rendered":"https:\/\/www.europesays.com\/fr\/429422\/"},"modified":"2025-09-30T20:16:15","modified_gmt":"2025-09-30T20:16:15","slug":"a-quoi-faut-il-sattendre-a-grenoble","status":"publish","type":"post","link":"https:\/\/www.europesays.com\/fr\/429422\/","title":{"rendered":"\u00e0 quoi faut-il s\u2019attendre\u00a0\u00e0 Grenoble"},"content":{"rendered":"<p>\u00ab\u00a0La pression, il faut la maintenir.\u00a0\u00bb C\u2019est ce \u00e0 quoi appelle Philippe Beaufort, secr\u00e9taire d\u00e9partemental pour Force ouvri\u00e8re Is\u00e8re aux c\u00f4t\u00e9s des responsables d\u00e9partementaux de la CGT, de la FSU et de Solidaires. En r\u00e9ponse aux d\u00e9clarations du Premier ministre lundi, une troisi\u00e8me journ\u00e9e d\u2019actions nationale contre les politiques budg\u00e9taires des gouvernements successifs se tiendra ce jeudi 2\u00a0octobre.<\/p>\n<p>L\u2019intersyndicale de l\u2019Is\u00e8re encourage les travailleurs \u00e0 descendre manifester dans les rues de Grenoble \u00e0 partir de 14\u00a0heures, au d\u00e9part de l\u2019angle Alsace-Lorraine et Jean-Jaur\u00e8s.<\/p>\n<p>Ce contenu est bloqu\u00e9 car vous n&rsquo;avez pas accept\u00e9 les cookies et autres traceurs.<\/p>\n<p>En cliquant sur \u00ab J\u2019accepte \u00bb, les cookies et autres traceurs seront d\u00e9pos\u00e9s et vous pourrez visualiser les contenus  (<a href=\"\" class=\"consentModule_policy\" target=\"_blank\" title=\"Consulter la politique de protection des donn\u00e9es du fournisseur\">plus d&rsquo;informations<\/a>).<\/p>\n<p>En cliquant sur \u00ab J\u2019accepte tous les cookies \u00bb, vous autorisez des d\u00e9p\u00f4ts de cookies et autres traceurs pour le stockage de vos donn\u00e9es sur nos sites et applications \u00e0 des fins de personnalisation et de ciblage publicitaire.<\/p>\n<p class=\"consentModule_secondaryText\">Vous gardez la possibilit\u00e9 de retirer votre consentement \u00e0 tout moment en consultant notre <a href=\"https:\/\/www.ledauphine.com\/protection-des-donnees\" target=\"_blank\" title=\"Consulter notre politique de protection des donn\u00e9es\" rel=\"noopener\">politique de protection des donn\u00e9es<\/a>. <br \/>&#13;<br \/>\n            <a href=\"https:\/\/www.ledauphine.com\/social\/2025\/09\/30\/javascript:Didomi.notice.show()\" class=\"consentModule_cmp\" target=\"_blank\" rel=\"noopener\">G\u00e9rer mes choix<\/a>&#13;\n        <\/p>\n<p>&#13;<br \/>\n                        J&rsquo;accepte&#13;<br \/>\n            J&rsquo;accepte tous les cookies&#13;\n        <\/p>\n<p>\u00ab\u00a0On sait de toute fa\u00e7on que \u00e7a restera un budget d\u2019aust\u00e9rit\u00e9\u00a0\u00bb, poursuit Philippe Beaufort, incr\u00e9dule. Face \u00e0 la persistance des coupes budg\u00e9taires dans le service public, des r\u00e9formes, de l\u2019ann\u00e9e blanche pour les indemnit\u00e9s sociales et des salaires de la fonction publique, \u00ab\u00a0on ne peut pas se satisfaire de la d\u00e9claration de S\u00e9bastien Lecornu d\u2019\u00eatre <strong><a href=\"https:\/\/www.ledauphine.com\/politique\/2025\/09\/29\/budget-2026-ce-que-sebastien-lecornu-a-deja-acte-et-les-incertitudes-a-trancher\" target=\"_blank\" rel=\"noopener\"> le premier ministre de l\u2019\u201c\u00c9tat efficace\u201d \u00bb<\/a><\/strong> , r\u00e9agit Nicolas Beno\u00eet, secr\u00e9taire g\u00e9n\u00e9ral de la CGT Is\u00e8re.<\/p>\n<p>Le collectif Bloquons tout\u00a0!, qui a initi\u00e9 le mouvement du 10\u00a0septembre, se joindra \u00e0 la mobilisation ce jeudi. \u00ab\u00a0La mobilisation actuelle n\u2019est pas que syndicale. La col\u00e8re rejaillit partout, pr\u00e9cise Delphine Serra, secr\u00e9taire d\u00e9partementale \u00e0 Solidaires. Nous soutenons toutes les formes d\u2019action, notamment l\u2019initiative de la Bobine. Toutes les luttes actuelles vont dans les m\u00eames directions.\u00a0\u00bb<\/p>\n<p>  Une prochaine intersyndicale d\u00e9j\u00e0 \u00e0 l\u2019agenda<\/p>\n<p>Les syndicats souhaitent aussi mettre en lumi\u00e8re la situation des salari\u00e9s d\u2019Air Liquide. Depuis plusieurs mois, ils sont mobilis\u00e9s contre un changement de politique au sein de la branche \u201cAdvanced Technologies\u201d et les n\u00e9gociations avec la direction sont rompues depuis mi-septembre.<\/p>\n<p>Sans attendre le bilan du 2\u00a0octobre, l\u2019intersyndicale se rassemblera le 6 pour statuer sur la suite \u00e0 donner au mouvement.<\/p>\n<p>Les 10 et 18\u00a0septembre, les cort\u00e8ges grenoblois avaient rassembl\u00e9 respectivement 30\u00a0000\u00a0et 15\u00a0000 manifestants, selon la CGT\u00a0; moiti\u00e9 moins d\u2019apr\u00e8s la pr\u00e9fecture.<\/p>\n","protected":false},"excerpt":{"rendered":"\u00ab\u00a0La pression, il faut la maintenir.\u00a0\u00bb C\u2019est ce \u00e0 quoi appelle Philippe Beaufort, secr\u00e9taire d\u00e9partemental pour Force ouvri\u00e8re&hellip;\n","protected":false},"author":2,"featured_media":429423,"comment_status":"","ping_status":"","sticky":false,"template":"","format":"standard","meta":{"footnotes":""},"categories":[9566],"tags":[1111,11,2430,9671,112,1777,674,1011,27,2731,108,12,316,25,104],"class_list":{"0":"post-429422","1":"post","2":"type-post","3":"status-publish","4":"format-standard","5":"has-post-thumbnail","7":"category-grenoble","8":"tag-actu","9":"tag-actualites","10":"tag-auvergne-rhone-alpes","11":"tag-conflit-social","12":"tag-edition-grenoble-agglomeration","13":"tag-eu","14":"tag-europe","15":"tag-fr","16":"tag-france","17":"tag-grenoble","18":"tag-isere","19":"tag-news","20":"tag-politique","21":"tag-republique-francaise","22":"tag-societe"},"share_on_mastodon":{"url":"https:\/\/pubeurope.com\/@fr\/115295091708084790","error":""},"_links":{"self":[{"href":"https:\/\/www.europesays.com\/fr\/wp-json\/wp\/v2\/posts\/429422","targetHints":{"allow":["GET"]}}],"collection":[{"href":"https:\/\/www.europesays.com\/fr\/wp-json\/wp\/v2\/posts"}],"about":[{"href":"https:\/\/www.europesays.com\/fr\/wp-json\/wp\/v2\/types\/post"}],"author":[{"embeddable":true,"href":"https:\/\/www.europesays.com\/fr\/wp-json\/wp\/v2\/users\/2"}],"replies":[{"embeddable":true,"href":"https:\/\/www.europesays.com\/fr\/wp-json\/wp\/v2\/comments?post=429422"}],"version-history":[{"count":0,"href":"https:\/\/www.europesays.com\/fr\/wp-json\/wp\/v2\/posts\/429422\/revisions"}],"wp:featuredmedia":[{"embeddable":true,"href":"https:\/\/www.europesays.com\/fr\/wp-json\/wp\/v2\/media\/429423"}],"wp:attachment":[{"href":"https:\/\/www.europesays.com\/fr\/wp-json\/wp\/v2\/media?parent=429422"}],"wp:term":[{"taxonomy":"category","embeddable":true,"href":"https:\/\/www.europesays.com\/fr\/wp-json\/wp\/v2\/categories?post=429422"},{"taxonomy":"post_tag","embeddable":true,"href":"https:\/\/www.europesays.com\/fr\/wp-json\/wp\/v2\/tags?post=429422"}],"curies":[{"name":"wp","href":"https:\/\/api.w.org\/{rel}","templated":true}]}}