{"id":429424,"date":"2025-09-30T20:17:18","date_gmt":"2025-09-30T20:17:18","guid":{"rendered":"https:\/\/www.europesays.com\/fr\/429424\/"},"modified":"2025-09-30T20:17:18","modified_gmt":"2025-09-30T20:17:18","slug":"metropole-de-grenoble-condamne-a-cinq-ans-demprisonnement-pour-deux-extorsions-avec-un-pistolet","status":"publish","type":"post","link":"https:\/\/www.europesays.com\/fr\/429424\/","title":{"rendered":"M\u00e9tropole de Grenoble. Condamn\u00e9 \u00e0 cinq ans d\u2019emprisonnement pour deux extorsions avec un pistolet"},"content":{"rendered":"<p>Le traumatisme est toujours l\u00e0. Latent, pesant et silencieux \u00e0 la fois. Lundi 29\u00a0septembre, \u00e0 la barre de la cour d\u2019assises de l\u2019Is\u00e8re, les deux victimes d\u2019Abd Enaceur Ben Amor sont venues t\u00e9moigner. Visiblement pas pour l\u2019accabler, mais pour poser des mots sur ce qu\u2019elles ont v\u00e9cu, \u00ab\u00a0essayer de comprendre\u00a0\u00bb et surtout, \u00ab\u00a0pour passer \u00e0 autre chose\u00a0\u00bb, mettre les faits \u00ab\u00a0derri\u00e8re\u00a0\u00bb elles.<\/p>\n<p>Ces deux hommes,&#8230;<\/p>\n","protected":false},"excerpt":{"rendered":"Le traumatisme est toujours l\u00e0. Latent, pesant et silencieux \u00e0 la fois. Lundi 29\u00a0septembre, \u00e0 la barre de&hellip;\n","protected":false},"author":2,"featured_media":429425,"comment_status":"","ping_status":"","sticky":false,"template":"","format":"standard","meta":{"footnotes":""},"categories":[9566],"tags":[1111,11,2430,271,272,112,1777,674,274,1011,27,2731,108,12278,12,25,16735],"class_list":{"0":"post-429424","1":"post","2":"type-post","3":"status-publish","4":"format-standard","5":"has-post-thumbnail","7":"category-grenoble","8":"tag-actu","9":"tag-actualites","10":"tag-auvergne-rhone-alpes","11":"tag-crime","12":"tag-delit-et-contravention","13":"tag-edition-grenoble-agglomeration","14":"tag-eu","15":"tag-europe","16":"tag-faits-divers-justice","17":"tag-fr","18":"tag-france","19":"tag-grenoble","20":"tag-isere","21":"tag-lagglomeration-et-le-vercors","22":"tag-news","23":"tag-republique-francaise","24":"tag-seyssinet-pariset"},"share_on_mastodon":{"url":"https:\/\/pubeurope.com\/@fr\/115295096012722599","error":""},"_links":{"self":[{"href":"https:\/\/www.europesays.com\/fr\/wp-json\/wp\/v2\/posts\/429424","targetHints":{"allow":["GET"]}}],"collection":[{"href":"https:\/\/www.europesays.com\/fr\/wp-json\/wp\/v2\/posts"}],"about":[{"href":"https:\/\/www.europesays.com\/fr\/wp-json\/wp\/v2\/types\/post"}],"author":[{"embeddable":true,"href":"https:\/\/www.europesays.com\/fr\/wp-json\/wp\/v2\/users\/2"}],"replies":[{"embeddable":true,"href":"https:\/\/www.europesays.com\/fr\/wp-json\/wp\/v2\/comments?post=429424"}],"version-history":[{"count":0,"href":"https:\/\/www.europesays.com\/fr\/wp-json\/wp\/v2\/posts\/429424\/revisions"}],"wp:featuredmedia":[{"embeddable":true,"href":"https:\/\/www.europesays.com\/fr\/wp-json\/wp\/v2\/media\/429425"}],"wp:attachment":[{"href":"https:\/\/www.europesays.com\/fr\/wp-json\/wp\/v2\/media?parent=429424"}],"wp:term":[{"taxonomy":"category","embeddable":true,"href":"https:\/\/www.europesays.com\/fr\/wp-json\/wp\/v2\/categories?post=429424"},{"taxonomy":"post_tag","embeddable":true,"href":"https:\/\/www.europesays.com\/fr\/wp-json\/wp\/v2\/tags?post=429424"}],"curies":[{"name":"wp","href":"https:\/\/api.w.org\/{rel}","templated":true}]}}