{"id":429443,"date":"2025-09-30T20:27:16","date_gmt":"2025-09-30T20:27:16","guid":{"rendered":"https:\/\/www.europesays.com\/fr\/429443\/"},"modified":"2025-09-30T20:27:16","modified_gmt":"2025-09-30T20:27:16","slug":"national-2-john-williams-quitte-les-girondins-de-bordeaux","status":"publish","type":"post","link":"https:\/\/www.europesays.com\/fr\/429443\/","title":{"rendered":"National 2. John Williams quitte les Girondins de Bordeaux"},"content":{"rendered":"<p><img loading=\"lazy\" decoding=\"async\" width=\"696\" height=\"464\" class=\"lazyload entry-thumb\" src=\"https:\/\/www.europesays.com\/fr\/wp-content\/uploads\/2025\/09\/John-Williams-2-696x464.jpg\" alt=\"John Williams\" title=\"John Williams (2)\"\/>John Williams (Photo le 11 HDF)<\/p>\n<p style=\"font-size:20px\"><strong>John Williams et les Girondins de Bordeaux, c\u2019est termin\u00e9. Comme l\u2019a annonc\u00e9 Sud-Ouest, le directeur sportif a d\u00e9cid\u00e9 de quitter le club.<\/strong><\/p>\n<p><strong>\u00ab\u00a0J\u2019intervenais depuis plus d\u2019un an comme b\u00e9n\u00e9vole et, \u00e0 un moment, il faut que \u00e7a s\u2019arr\u00eate.\u00a0\u00bb<\/strong> Ce mardi apr\u00e8s-midi, John Williams a annonc\u00e9 \u00e0 <a href=\"https:\/\/www.sudouest.fr\/gironde\/bordeaux\/info-sud-ouest-girondins-de-bordeaux-le-directeur-sportif-john-williams-s-en-va-26146023.php?utm_term=facebook&amp;utm_content=photo&amp;utm_campaign=journalsudouest&amp;utm_medium=Social+Media&amp;utm_source=nonli&amp;csnt=1999b618f12\" target=\"_blank\" rel=\"noreferrer noopener\">Sud-Ouest<\/a> qu\u2019il quittait les Girondins de Bordeaux. <strong>\u00ab\u00a0C\u2019\u00e9tait une belle aventure et je suis tr\u00e8s content de l\u2019avoir v\u00e9cue<\/strong>, a-t-il soulign\u00e9. <strong>Ce groupe de joueurs m\u00e9rite de grandir et d\u2019aller en haut du tableau.\u00a0\u00bb<\/strong> Sans contrat au club, celui qui est aussi drecteur sportif d\u2019Amiens SC, semble avoir jeter l\u2019\u00e9ponge.<\/p>\n<p><strong>\u00ab\u00a0J\u2019aime faire du bon travail et les conditions n\u2019\u00e9taient plus r\u00e9unies\u00a0\u00bb <\/strong>souligne John Williams aupr\u00e8s du quotidien r\u00e9gional. Depuis quelques mois, des tensions \u00e9taient apparues entre le Franco-Britannique et les hommes qui travaillent au quotidien au Haillan, Arnaud Saint-Andr\u00e9 et Bruno Irles. D\u2019autres d\u00e9parts ont aussi \u00e9t\u00e9 act\u00e9s. <a href=\"https:\/\/www.francebleu.fr\/sports\/football\/girondins-de-bordeaux-le-club-reduit-encore-ses-effectifs-avec-deux-nouveaux-departs-2430850\" target=\"_blank\" rel=\"noreferrer noopener\">Ici Gironde<\/a> informe en effet que le club a d\u00e9cid\u00e9 de se s\u00e9parer d\u2019un salari\u00e9 de la billeterie ainsi que d\u2019un pr\u00e9parateur physique. D\u2019apr\u00e8s le club, ces deux d\u00e9parts sont dus \u00e0 des doublons sur leur poste.<\/p>\n<p>Par ailleurs, Etienne Beugr\u00e9 est revenu au Haillan. Plus gros salaire de l\u2019effectif de National 2, avec 10 000 euros mensuels, l\u2019attaquant de 24 ans <a href=\"http:\/\/Les Girondins bloquent-ils Etienne Beugr\u00e9 en C\u00f4te d\u2019Ivoire ?\" target=\"_blank\" rel=\"noreferrer noopener\">\u00e9tait bloqu\u00e9 en Cote d\u2019Ivoire<\/a> depuis plusieurs semaines. S\u2019il s\u2019est entra\u00een\u00e9, rien ne dit qu\u2019il sera r\u00e9int\u00e9gr\u00e9 par l\u2019entra\u00eeneur bordelais. L\u2019\u00e9quipe fanion est pour l\u2019instant <a href=\"https:\/\/footamateur.ouest-france.fr\/national-2-a-avranches-rejoint-la-roche-premiere-pour-montlouis\/\" target=\"_blank\" rel=\"noreferrer noopener\">septi\u00e8me de son groupe<\/a> apr\u00e8s six journ\u00e9es de championnat.<\/p>\n<p><a href=\"https:\/\/footamateur.ouest-france.fr\/author\/jerome\/\" class=\"url\" title=\"J\u00e9rome Bouchacourt\" target=\"_blank\" rel=\"noopener\"> <img decoding=\"async\" src=\"https:\/\/www.europesays.com\/fr\/wp-content\/uploads\/2025\/04\/moi.jpg\" class=\"lazyload photo\" width=\"250\" alt=\"J\u00e9rome Bouchacourt\"\/><\/a><\/p>\n<p>SEO et r\u00e9dacteur en chef chez Sports M\u00e9dia<\/p>\n<p>Petit Suisse originaire de Lausanne, au bord du Lac L\u00e9man, biberonn\u00e9 au Beaujolais depuis ses deux ans, J\u00e9r\u00f4me a migr\u00e9 dans la r\u00e9gion nantaise au d\u00e9but des ann\u00e9es 2000. Fan de football amateur, de ses rencontres, ses terrains bossel\u00e9s, ses buvettes conviviales, il est aussi un bon vivant qui adore la cuisine lyonnaise ! Fondateur de Footamateur.fr en mai 2014.<\/p>\n<p><a href=\"https:\/\/footamateur.ouest-france.fr\/author\/jerome\/\" class=\"url\" title=\"J\u00e9rome Bouchacourt\" target=\"_blank\" rel=\"noopener\"><img decoding=\"async\" src=\"https:\/\/www.europesays.com\/fr\/wp-content\/uploads\/2025\/04\/moi.jpg\" class=\"lazyload photo\" width=\"250\" alt=\"J\u00e9rome Bouchacourt\"\/><\/a>Les derniers articles par J\u00e9rome Bouchacourt (<a href=\"https:\/\/footamateur.ouest-france.fr\/author\/jerome\/\" target=\"_blank\" rel=\"noopener\">tout voir<\/a>)<\/p>\n","protected":false},"excerpt":{"rendered":"John Williams (Photo le 11 HDF) John Williams et les Girondins de Bordeaux, c\u2019est termin\u00e9. Comme l\u2019a annonc\u00e9&hellip;\n","protected":false},"author":2,"featured_media":429444,"comment_status":"","ping_status":"","sticky":false,"template":"","format":"standard","meta":{"footnotes":""},"categories":[2817],"tags":[1111,11,1997,1777,674,1011,27,2265,35687,12,2219,25],"class_list":{"0":"post-429443","1":"post","2":"type-post","3":"status-publish","4":"format-standard","5":"has-post-thumbnail","7":"category-bordeaux","8":"tag-actu","9":"tag-actualites","10":"tag-bordeaux","11":"tag-eu","12":"tag-europe","13":"tag-fr","14":"tag-france","15":"tag-girondins-bordeaux","16":"tag-john-williams","17":"tag-news","18":"tag-nouvelle-aquitaine","19":"tag-republique-francaise"},"share_on_mastodon":{"url":"https:\/\/pubeurope.com\/@fr\/115295135593304602","error":""},"_links":{"self":[{"href":"https:\/\/www.europesays.com\/fr\/wp-json\/wp\/v2\/posts\/429443","targetHints":{"allow":["GET"]}}],"collection":[{"href":"https:\/\/www.europesays.com\/fr\/wp-json\/wp\/v2\/posts"}],"about":[{"href":"https:\/\/www.europesays.com\/fr\/wp-json\/wp\/v2\/types\/post"}],"author":[{"embeddable":true,"href":"https:\/\/www.europesays.com\/fr\/wp-json\/wp\/v2\/users\/2"}],"replies":[{"embeddable":true,"href":"https:\/\/www.europesays.com\/fr\/wp-json\/wp\/v2\/comments?post=429443"}],"version-history":[{"count":0,"href":"https:\/\/www.europesays.com\/fr\/wp-json\/wp\/v2\/posts\/429443\/revisions"}],"wp:featuredmedia":[{"embeddable":true,"href":"https:\/\/www.europesays.com\/fr\/wp-json\/wp\/v2\/media\/429444"}],"wp:attachment":[{"href":"https:\/\/www.europesays.com\/fr\/wp-json\/wp\/v2\/media?parent=429443"}],"wp:term":[{"taxonomy":"category","embeddable":true,"href":"https:\/\/www.europesays.com\/fr\/wp-json\/wp\/v2\/categories?post=429443"},{"taxonomy":"post_tag","embeddable":true,"href":"https:\/\/www.europesays.com\/fr\/wp-json\/wp\/v2\/tags?post=429443"}],"curies":[{"name":"wp","href":"https:\/\/api.w.org\/{rel}","templated":true}]}}