{"id":429447,"date":"2025-09-30T20:29:17","date_gmt":"2025-09-30T20:29:17","guid":{"rendered":"https:\/\/www.europesays.com\/fr\/429447\/"},"modified":"2025-09-30T20:29:17","modified_gmt":"2025-09-30T20:29:17","slug":"toulouse-le-metro-est-interrompu-en-raison-dun-probleme-technique-plusieurs-stations-non-desservies","status":"publish","type":"post","link":"https:\/\/www.europesays.com\/fr\/429447\/","title":{"rendered":"Toulouse. Le m\u00e9tro est interrompu en raison d&rsquo;un probl\u00e8me technique, plusieurs stations non-desservies"},"content":{"rendered":"<p>            Par<br \/>\n        <strong><br \/>\n            <a href=\"https:\/\/actu.fr\/auteur\/lucie-2\" title=\"Consulter tous les articles de Lucie Fraisse\" target=\"_blank\" rel=\"noopener\">Lucie Fraisse<\/a><br \/>\n        <\/strong><\/p>\n<p>        Publi\u00e9 le<\/p>\n<p>            30 sept. 2025 \u00e0 18h32<br \/>\n        ; mis \u00e0 jour le 30 sept. 2025 \u00e0 19h11    <\/p>\n<p>La circulation de la Ligne B a \u00e9t\u00e9 r\u00e9tablie peu avant 19 heures.<\/p>\n<p class=\" wall-content\">Une panne \u00e0 l\u2019heure de sortie des bureaux, c\u2019est le pire sc\u00e9nario ou presque pour les usagers du m\u00e9tro. Ce mardi 30 septembre 2025, la ligne B du m\u00e9tro de <a href=\"https:\/\/actu.fr\/toulouse\/\" target=\"_blank\" rel=\"noopener\">Toulouse<\/a> est partiellement interrompue entre l<strong>es stations Ramonville et Jean Jaur\u00e8s<\/strong>, en raison d\u2019un probl\u00e8me technique sur une rame situ\u00e9e entre Saint-Michel \u2013 Marcel Langer et Palais de Justice.<\/p>\n<p>Plusieurs stations non desservies<\/p>\n<p class=\" wall-content\">A 18h30, plusieurs stations n\u2019\u00e9taient plus desservies. En voici la liste :<\/p>\n<ul class=\" wall-content\">\n<li>Ramonville<\/li>\n<li>Universit\u00e9 Paul Sabatier<\/li>\n<li>Facult\u00e9 de Pharmacie<\/li>\n<li>Rangueil-<\/li>\n<li>Saouzelong<\/li>\n<li>Saint Agne \u2013 SNCF<\/li>\n<li>Empalot<\/li>\n<li>St-Michel \u2013 Marcel Langer<\/li>\n<li>Palais de Justice<\/li>\n<li>Carmes<\/li>\n<li>Fran\u00e7ois Verdier<\/li>\n<\/ul>\n<p class=\" wall-content\">Le m\u00e9tro fonctionne normalement <strong>entre les stations Jean Jaur\u00e8s et Borderouge.<\/strong>\u00a0 Dans l\u2019attente d\u2019un retour \u00e0 la normale, la ligne L6 est prolong\u00e9e en ligne B\u2019 entre Ramonville et Universit\u00e9 Paul Sabatier.\u00a0<\/p>\n<p class=\" wall-content\">Personnalisez votre actualit\u00e9 en ajoutant vos villes et m\u00e9dias en favori avec <a href=\"https:\/\/moncompte.actu.fr\" title=\"D\u00e9couvez Mon Actu\" rel=\"nofollow noopener\" data-trk=\"{&quot;cta&quot;:{&quot;action&quot;:&quot;https:\\\/\\\/moncompte.actu.fr&quot;,&quot;category&quot;:&quot;mon compte&quot;,&quot;from&quot;:&quot;article footer&quot;,&quot;name&quot;:&quot;Mon actu&quot;,&quot;type&quot;:&quot;cta&quot;}}\" target=\"_blank\">Mon Actu<\/a>.<\/p>\n","protected":false},"excerpt":{"rendered":"Par Lucie Fraisse Publi\u00e9 le 30 sept. 2025 \u00e0 18h32 ; mis \u00e0 jour le 30 sept. 2025&hellip;\n","protected":false},"author":2,"featured_media":35140,"comment_status":"","ping_status":"","sticky":false,"template":"","format":"standard","meta":{"footnotes":""},"categories":[2816],"tags":[1111,11,1777,674,1011,27,4047,12,2680,25,104,5400,2312],"class_list":{"0":"post-429447","1":"post","2":"type-post","3":"status-publish","4":"format-standard","5":"has-post-thumbnail","7":"category-toulouse","8":"tag-actu","9":"tag-actualites","10":"tag-eu","11":"tag-europe","12":"tag-fr","13":"tag-france","14":"tag-metro","15":"tag-news","16":"tag-occitanie","17":"tag-republique-francaise","18":"tag-societe","19":"tag-tisseo","20":"tag-toulouse"},"share_on_mastodon":{"url":"https:\/\/pubeurope.com\/@fr\/115295142975911946","error":""},"_links":{"self":[{"href":"https:\/\/www.europesays.com\/fr\/wp-json\/wp\/v2\/posts\/429447","targetHints":{"allow":["GET"]}}],"collection":[{"href":"https:\/\/www.europesays.com\/fr\/wp-json\/wp\/v2\/posts"}],"about":[{"href":"https:\/\/www.europesays.com\/fr\/wp-json\/wp\/v2\/types\/post"}],"author":[{"embeddable":true,"href":"https:\/\/www.europesays.com\/fr\/wp-json\/wp\/v2\/users\/2"}],"replies":[{"embeddable":true,"href":"https:\/\/www.europesays.com\/fr\/wp-json\/wp\/v2\/comments?post=429447"}],"version-history":[{"count":0,"href":"https:\/\/www.europesays.com\/fr\/wp-json\/wp\/v2\/posts\/429447\/revisions"}],"wp:featuredmedia":[{"embeddable":true,"href":"https:\/\/www.europesays.com\/fr\/wp-json\/wp\/v2\/media\/35140"}],"wp:attachment":[{"href":"https:\/\/www.europesays.com\/fr\/wp-json\/wp\/v2\/media?parent=429447"}],"wp:term":[{"taxonomy":"category","embeddable":true,"href":"https:\/\/www.europesays.com\/fr\/wp-json\/wp\/v2\/categories?post=429447"},{"taxonomy":"post_tag","embeddable":true,"href":"https:\/\/www.europesays.com\/fr\/wp-json\/wp\/v2\/tags?post=429447"}],"curies":[{"name":"wp","href":"https:\/\/api.w.org\/{rel}","templated":true}]}}