{"id":429450,"date":"2025-09-30T20:31:12","date_gmt":"2025-09-30T20:31:12","guid":{"rendered":"https:\/\/www.europesays.com\/fr\/429450\/"},"modified":"2025-09-30T20:31:12","modified_gmt":"2025-09-30T20:31:12","slug":"il-ny-avait-pas-penalty-pour-lille-contre-lol-ligue-1-j6-lille-ol-0-1","status":"publish","type":"post","link":"https:\/\/www.europesays.com\/fr\/429450\/","title":{"rendered":"Il n\u2019y avait pas penalty pour Lille contre l\u2019OL &#8211; Ligue 1 &#8211; J6 &#8211; Lille-OL (0-1)"},"content":{"rendered":"<p>Tout \u00e7a pour \u00e7a.<\/p>\n<p><strong>L\u2019arbitrage de M. Vernice dimanche lors du choc entre Lille et Lyon a fait couler beaucoup d\u2019encre<\/strong>. Bruno G\u00e9n\u00e9sio a \u00e9t\u00e9 expuls\u00e9 pendant la rencontre, tandis qu\u2019Olivier L\u00e9tang <a target=\"_blank\" href=\"https:\/\/www.sofoot.com\/breves\/olivier-letang-fracasse-larbitrage-francais-apres-lille-ol\" rel=\"noopener nofollow\">n\u2019a pas \u00e9t\u00e9 tendre dans ses d\u00e9clarations apr\u00e8s la rencontre<\/a>. Au c\u0153ur de la discorde notamment, une main d\u2019Ainsley Maitland-Niles pas sanctionn\u00e9e d\u2019un penalty peu avant la pause.<\/p>\n<p><a target=\"_blank\" href=\"https:\/\/www.fff.fr\/article\/15391-arbitrage-le-debrief-de-la-j6.html\" rel=\"noopener nofollow\">Dans son debrief publi\u00e9 ce mardi<\/a>, <strong>la direction de l\u2019arbitrage donne raison \u00e0 l\u2019homme en noir<\/strong>. \u00ab\u202fEn ce qui concerne le contact entre le ballon et la main du d\u00e9fenseur lyonnais, celui-ci n\u2019est pas sanctionnable car la position du bras n\u2019augmente pas artificiellement la surface couverte par le corps du d\u00e9fenseur\u202f\u00bb, peut-on y lire. Un rapport qui valide \u00e9galement le choix de M. Vernice de n\u2019expulser ni Ayyoub Bouaddi dans la foul\u00e9e, ni Malick Fofana en seconde p\u00e9riode pour des tacles.<\/p>\n<p>Allez, tout le monde se calme et on passe \u00e0 autre chose ?<\/p>\n","protected":false},"excerpt":{"rendered":"Tout \u00e7a pour \u00e7a. L\u2019arbitrage de M. Vernice dimanche lors du choc entre Lille et Lyon a fait&hellip;\n","protected":false},"author":2,"featured_media":429451,"comment_status":"","ping_status":"","sticky":false,"template":"","format":"standard","meta":{"footnotes":""},"categories":[2815],"tags":[1111,47,11,61,69,65,64,1777,674,63,1011,27,811,68,66,1307,12,62,70,25,67],"class_list":{"0":"post-429450","1":"post","2":"type-post","3":"status-publish","4":"format-standard","5":"has-post-thumbnail","7":"category-lille","8":"tag-actu","9":"tag-actualite","10":"tag-actualites","11":"tag-actus-football","12":"tag-bundesliga","13":"tag-championnats-europeens","14":"tag-equipe-de-france","15":"tag-eu","16":"tag-europe","17":"tag-football","18":"tag-fr","19":"tag-france","20":"tag-hauts-de-france","21":"tag-ligua","22":"tag-ligue-1","23":"tag-lille","24":"tag-news","25":"tag-news-foot","26":"tag-premier-league","27":"tag-republique-francaise","28":"tag-serie-a"},"share_on_mastodon":{"url":"https:\/\/pubeurope.com\/@fr\/115295150799342217","error":""},"_links":{"self":[{"href":"https:\/\/www.europesays.com\/fr\/wp-json\/wp\/v2\/posts\/429450","targetHints":{"allow":["GET"]}}],"collection":[{"href":"https:\/\/www.europesays.com\/fr\/wp-json\/wp\/v2\/posts"}],"about":[{"href":"https:\/\/www.europesays.com\/fr\/wp-json\/wp\/v2\/types\/post"}],"author":[{"embeddable":true,"href":"https:\/\/www.europesays.com\/fr\/wp-json\/wp\/v2\/users\/2"}],"replies":[{"embeddable":true,"href":"https:\/\/www.europesays.com\/fr\/wp-json\/wp\/v2\/comments?post=429450"}],"version-history":[{"count":0,"href":"https:\/\/www.europesays.com\/fr\/wp-json\/wp\/v2\/posts\/429450\/revisions"}],"wp:featuredmedia":[{"embeddable":true,"href":"https:\/\/www.europesays.com\/fr\/wp-json\/wp\/v2\/media\/429451"}],"wp:attachment":[{"href":"https:\/\/www.europesays.com\/fr\/wp-json\/wp\/v2\/media?parent=429450"}],"wp:term":[{"taxonomy":"category","embeddable":true,"href":"https:\/\/www.europesays.com\/fr\/wp-json\/wp\/v2\/categories?post=429450"},{"taxonomy":"post_tag","embeddable":true,"href":"https:\/\/www.europesays.com\/fr\/wp-json\/wp\/v2\/tags?post=429450"}],"curies":[{"name":"wp","href":"https:\/\/api.w.org\/{rel}","templated":true}]}}