{"id":429452,"date":"2025-09-30T20:32:11","date_gmt":"2025-09-30T20:32:11","guid":{"rendered":"https:\/\/www.europesays.com\/fr\/429452\/"},"modified":"2025-09-30T20:32:11","modified_gmt":"2025-09-30T20:32:11","slug":"peu-de-perturbations-dans-les-transports-en-commun-a-marseille","status":"publish","type":"post","link":"https:\/\/www.europesays.com\/fr\/429452\/","title":{"rendered":"peu de perturbations dans les transports en commun \u00e0 Marseille"},"content":{"rendered":"<p>Dans un communiqu\u00e9 diffus\u00e9 ce mardi soir, la RTM annonce les pr\u00e9visions des perturbations que va entra\u00eener cette gr\u00e8ve dans les transports en commun.\u00a0<\/p>\n<p>Des perturbations sur le tram<\/p>\n<p>Le trafic sera normal sur le m\u00e9tro (M1 et M2) et dans le service des transports scolaires. Il sera peu perturb\u00e9 en ce qui concerne le service des bus (80% du service maintenu). Les lignes impact\u00e9es seront publi\u00e9es sur le site de la RTM.\u00a0<\/p>\n<p>Pour le tramway, le service sera assur\u00e9 \u00e0 90% assure la RTM. En revanche, en raison du parcours du cort\u00e8ge, le trafic peut \u00eatre impact\u00e9. \u00ab\u00a0Une manifestation annonc\u00e9e \u00e0 partir de 10h30 est susceptible d&rsquo;impacter fortement la circulation de la ligne T3 du tramway ainsi que plusieurs lignes de bus desservant les secteurs suivants : Vieux-Port, Mairie, Mucem, boulevard des Dames et Porte d&rsquo;Aix\u00a0\u00bb, pr\u00e9vient la RTM.<\/p>\n<p>Et ailleurs en Provence ?<\/p>\n<p>La RTM ajoute que le service dans les autres r\u00e9seaux sera maintenu de mani\u00e8re normale. Voici les pr\u00e9visions :\u00a0<\/p>\n<p>&#8211; R\u00e9seau Aixpress : service normal<\/p>\n<p>&#8211; R\u00e9seau Martigues (Ulysse) : service normal (95%)<\/p>\n<p>&#8211; R\u00e9seau Aubagne (Ligne de l&rsquo;agglo) : service normal<\/p>\n<p>&#8211; R\u00e9seau La Ciotat (Ciotabus) : service normal<\/p>\n<p>&#8211; R\u00e9seau interurbain (LeCar) : service normal<\/p>\n","protected":false},"excerpt":{"rendered":"Dans un communiqu\u00e9 diffus\u00e9 ce mardi soir, la RTM annonce les pr\u00e9visions des perturbations que va entra\u00eener cette&hellip;\n","protected":false},"author":2,"featured_media":429453,"comment_status":"","ping_status":"","sticky":false,"template":"","format":"standard","meta":{"footnotes":""},"categories":[2814],"tags":[17,1111,11,1446,1777,674,1011,27,6151,151,884,12,7518,7854,27233,882,16,25,800],"class_list":{"0":"post-429452","1":"post","2":"type-post","3":"status-publish","4":"format-standard","5":"has-post-thumbnail","7":"category-marseille","8":"tag-17","9":"tag-actu","10":"tag-actualites","11":"tag-dans","12":"tag-eu","13":"tag-europe","14":"tag-fr","15":"tag-france","16":"tag-greve","17":"tag-les","18":"tag-marseille","19":"tag-news","20":"tag-octobre","21":"tag-perturbations","22":"tag-peu","23":"tag-provence-alpes-cote-dazur","24":"tag-region","25":"tag-republique-francaise","26":"tag-transports"},"share_on_mastodon":{"url":"https:\/\/pubeurope.com\/@fr\/115295154842914300","error":""},"_links":{"self":[{"href":"https:\/\/www.europesays.com\/fr\/wp-json\/wp\/v2\/posts\/429452","targetHints":{"allow":["GET"]}}],"collection":[{"href":"https:\/\/www.europesays.com\/fr\/wp-json\/wp\/v2\/posts"}],"about":[{"href":"https:\/\/www.europesays.com\/fr\/wp-json\/wp\/v2\/types\/post"}],"author":[{"embeddable":true,"href":"https:\/\/www.europesays.com\/fr\/wp-json\/wp\/v2\/users\/2"}],"replies":[{"embeddable":true,"href":"https:\/\/www.europesays.com\/fr\/wp-json\/wp\/v2\/comments?post=429452"}],"version-history":[{"count":0,"href":"https:\/\/www.europesays.com\/fr\/wp-json\/wp\/v2\/posts\/429452\/revisions"}],"wp:featuredmedia":[{"embeddable":true,"href":"https:\/\/www.europesays.com\/fr\/wp-json\/wp\/v2\/media\/429453"}],"wp:attachment":[{"href":"https:\/\/www.europesays.com\/fr\/wp-json\/wp\/v2\/media?parent=429452"}],"wp:term":[{"taxonomy":"category","embeddable":true,"href":"https:\/\/www.europesays.com\/fr\/wp-json\/wp\/v2\/categories?post=429452"},{"taxonomy":"post_tag","embeddable":true,"href":"https:\/\/www.europesays.com\/fr\/wp-json\/wp\/v2\/tags?post=429452"}],"curies":[{"name":"wp","href":"https:\/\/api.w.org\/{rel}","templated":true}]}}