{"id":429456,"date":"2025-09-30T20:34:15","date_gmt":"2025-09-30T20:34:15","guid":{"rendered":"https:\/\/www.europesays.com\/fr\/429456\/"},"modified":"2025-09-30T20:34:15","modified_gmt":"2025-09-30T20:34:15","slug":"la-bande-annonce-du-deuxieme-volet-devoilee","status":"publish","type":"post","link":"https:\/\/www.europesays.com\/fr\/429456\/","title":{"rendered":"la bande-annonce du deuxi\u00e8me volet d\u00e9voil\u00e9e"},"content":{"rendered":"<p>  Une\u00a0aventure aux quatres coins du monde<\/p>\n<p>Dans ce nouvel \u00e9pisode, les Dieux sont justement en col\u00e8re contre Arthur\u00a0! Selon le synopsis du film, \u00ab\u00a0apr\u00e8s la destruction de Kaamelott, son refus obstin\u00e9 de tuer Lancelot pr\u00e9cipite le Royaume de Logres \u00e0 sa perte. Il r\u00e9unit ses Chevaliers, novices t\u00e9m\u00e9raires et v\u00e9t\u00e9rans d\u00e9sabus\u00e9s, autour de la Nouvelle Table Ronde et les envoie prouver leur valeur aux quatre coins du Monde\u00a0\u00bb. Dans la bande-annonce, Arthur semble pourtant peu motiv\u00e9 \u00e0 l\u2019id\u00e9e de pr\u00e9sider cette assembl\u00e9e\u2026<\/p>\n<p>Parmi les com\u00e9diens \u00e0 l\u2019affiche du film, tourn\u00e9 dans plusieurs d\u00e9partements de la r\u00e9gion Auvergne-Rh\u00f4ne-Alpes, on retrouve Audrey Fleurot (La Dame du Lac), Christian Clavier (le Jurisconsulte), <a href=\"https:\/\/www.leprogres.fr\/p\/alain-chabat\" target=\"_blank\" rel=\"nofollow noopener\">Alain Chabat<\/a> (le duc d\u2019Aquitaine), ou encore Guillaume Gallienne (Alzagar). Mais aussi des nouveaux venus comme Daniel Mesguich ou l\u2019humoriste Redouane Bougheraba.<\/p>\n","protected":false},"excerpt":{"rendered":"Une\u00a0aventure aux quatres coins du monde Dans ce nouvel \u00e9pisode, les Dieux sont justement en col\u00e8re contre Arthur\u00a0!&hellip;\n","protected":false},"author":2,"featured_media":429457,"comment_status":"","ping_status":"","sticky":false,"template":"","format":"standard","meta":{"footnotes":""},"categories":[1889],"tags":[1111,11,2430,650,1687,2757,1777,674,107,1011,27,2428,2756,12,25,2429],"class_list":{"0":"post-429456","1":"post","2":"type-post","3":"status-publish","4":"format-standard","5":"has-post-thumbnail","7":"category-lyon","8":"tag-actu","9":"tag-actualites","10":"tag-auvergne-rhone-alpes","11":"tag-cinema","12":"tag-culture-loisirs","13":"tag-edition-lyon-villeurbanne","14":"tag-eu","15":"tag-europe","16":"tag-fil-info","17":"tag-fr","18":"tag-france","19":"tag-lyon","20":"tag-lyon-bassin","21":"tag-news","22":"tag-republique-francaise","23":"tag-rhone"},"share_on_mastodon":{"url":"https:\/\/pubeurope.com\/@fr\/115295162774698482","error":""},"_links":{"self":[{"href":"https:\/\/www.europesays.com\/fr\/wp-json\/wp\/v2\/posts\/429456","targetHints":{"allow":["GET"]}}],"collection":[{"href":"https:\/\/www.europesays.com\/fr\/wp-json\/wp\/v2\/posts"}],"about":[{"href":"https:\/\/www.europesays.com\/fr\/wp-json\/wp\/v2\/types\/post"}],"author":[{"embeddable":true,"href":"https:\/\/www.europesays.com\/fr\/wp-json\/wp\/v2\/users\/2"}],"replies":[{"embeddable":true,"href":"https:\/\/www.europesays.com\/fr\/wp-json\/wp\/v2\/comments?post=429456"}],"version-history":[{"count":0,"href":"https:\/\/www.europesays.com\/fr\/wp-json\/wp\/v2\/posts\/429456\/revisions"}],"wp:featuredmedia":[{"embeddable":true,"href":"https:\/\/www.europesays.com\/fr\/wp-json\/wp\/v2\/media\/429457"}],"wp:attachment":[{"href":"https:\/\/www.europesays.com\/fr\/wp-json\/wp\/v2\/media?parent=429456"}],"wp:term":[{"taxonomy":"category","embeddable":true,"href":"https:\/\/www.europesays.com\/fr\/wp-json\/wp\/v2\/categories?post=429456"},{"taxonomy":"post_tag","embeddable":true,"href":"https:\/\/www.europesays.com\/fr\/wp-json\/wp\/v2\/tags?post=429456"}],"curies":[{"name":"wp","href":"https:\/\/api.w.org\/{rel}","templated":true}]}}