{"id":429462,"date":"2025-09-30T20:38:16","date_gmt":"2025-09-30T20:38:16","guid":{"rendered":"https:\/\/www.europesays.com\/fr\/429462\/"},"modified":"2025-09-30T20:38:16","modified_gmt":"2025-09-30T20:38:16","slug":"le-narcotrafiquant-mohamed-amra-place-en-quartier-disciplinaire-pour-16-jours-au-centre-penitentiaire-de-vendin-le-vieil","status":"publish","type":"post","link":"https:\/\/www.europesays.com\/fr\/429462\/","title":{"rendered":"Le narcotrafiquant Mohamed Amra plac\u00e9 en quartier disciplinaire pour 16 jours au centre p\u00e9nitentiaire de Vendin-le-Vieil"},"content":{"rendered":"\n<p class=\"c-chapo \">\n  Mohamed Amra est sanctionn\u00e9 pour avoir, avec d&rsquo;autres d\u00e9tenus, tent\u00e9 de provoquer des inondations en laissant couler l&rsquo;eau dans sa cellule en ao\u00fbt dernier. Il a aussi prof\u00e9r\u00e9 des insultes \u00e0 l&rsquo;encontre d&rsquo;un surveillant.\n<\/p>\n<p>      lire plus tard<\/p>\n<p id=\"dialog__title\" class=\"dialog__title\">Pour sauvegarder cet article, connectez-vous ou cr\u00e9ez un compte franceinfo<\/p>\n<p class=\"dialog__description\">Sans paiement. Sans abonnement.<\/p>\n<p>        Fermer la fen\u00eatre d\u2019activation des notifications France Info<\/p>\n<p>      cr\u00e9er votre compte<\/p>\n<p>      se connecter<\/p>\n<p>        Fermer la fen\u00eatre de pr\u00e9sentation<\/p>\n<p>    Publi\u00e9 le 30\/09\/2025 21:59<\/p>\n<p>        Temps de lecture : 1min<\/p>\n<p>    <img decoding=\"async\"  alt=\"Des cellules dans la prison de Vendin-le-Vieil (Pas-de-Calais), le 14 mai 2025. (MICHEL EULER \/ POOL \/ AFP)\" width=\"432\" height=\"243\" src=\"https:\/\/www.europesays.com\/fr\/wp-content\/uploads\/2025\/09\/000-46p66ku-68b0714329d69552110143.jpg\" fetchpriority=\"high\"\/><\/p>\n<p>      Des cellules dans la prison de Vendin-le-Vieil (Pas-de-Calais), le 14 mai 2025. (MICHEL EULER \/ POOL \/ AFP)<\/p>\n<p>Mohamed Amra a \u00e9t\u00e9 plac\u00e9 en quartier disciplinaire pour 16 jours au centre p\u00e9nitentiaire de Vendin-le-Vieil (Pas-de-Calais), d&rsquo;apr\u00e8s <a href=\"https:\/\/www.francebleu.fr\/infos\/faits-divers-justice\/16-jours-de-quartier-disciplinaire-pour-mohamed-amra-a-la-prison-de-vendin-le-vieil-9329081\" target=\"_blank\" rel=\"noopener nofollow\">les informations d&rsquo;ICI Nord<\/a> (ex-France Bleu). Incarc\u00e9r\u00e9 dans cette prison de haute s\u00e9curit\u00e9 depuis fin juillet, le narcotrafiquant a \u00e9t\u00e9 pr\u00e9sent\u00e9 mardi apr\u00e8s-midi en commission de discipline au sein de l&rsquo;\u00e9tablissement.<\/p>\n<p>Consid\u00e9r\u00e9 comme l&rsquo;un des d\u00e9tenus les plus dangereux de France, Mohamed Amra est sanctionn\u00e9 pour avoir, avec d&rsquo;autres d\u00e9tenus, tent\u00e9 de provoquer des inondations en laissant couler l&rsquo;eau dans sa cellule, au mois d&rsquo;ao\u00fbt, pour protester contre les conditions d&rsquo;incarc\u00e9ration, selon les pr\u00e9cisions d&rsquo;ICI Nord. \u00c0 cela s&rsquo;ajoutent des insultes prof\u00e9r\u00e9es par Mohamed Amra \u00e0 l&rsquo;encontre d&rsquo;un surveillant de prison qui lui apportait son plateau-repas le 18 septembre dernier. Il a refus\u00e9 le plateau et s&rsquo;est offusqu\u00e9 de ne pas avoir son journal, avant de menacer verbalement le surveillant. Selon ICI Nord, il ne conteste pas les faits, ne d\u00e9pose pas de recours et s&rsquo;est excus\u00e9 aupr\u00e8s de l&rsquo;administration p\u00e9nitentiaire.\u00a0<br \/>\u00a0<br \/>Pour les 16 prochains jours, Mohamed Amra est donc au quartier disciplinaire, sans t\u00e9l\u00e9vision, avec des temps de promenades et d&rsquo;appels t\u00e9l\u00e9phoniques r\u00e9duits. L&rsquo;\u00e9vasion du narcotrafiquant lors d&rsquo;un transfert en mai 2024 au p\u00e9age d&rsquo;Incarville (Eure) avait co\u00fbt\u00e9 la vie \u00e0 deux agents p\u00e9nitentiaires.\u00a0<\/p>\n","protected":false},"excerpt":{"rendered":"Mohamed Amra est sanctionn\u00e9 pour avoir, avec d&rsquo;autres d\u00e9tenus, tent\u00e9 de provoquer des inondations en laissant couler l&rsquo;eau&hellip;\n","protected":false},"author":2,"featured_media":429463,"comment_status":"","ping_status":"","sticky":false,"template":"","format":"standard","meta":{"footnotes":""},"categories":[1888],"tags":[1111,1928,11,1927,1777,674,1011,27,12,1926,626,1925,25],"class_list":{"0":"post-429462","1":"post","2":"type-post","3":"status-publish","4":"format-standard","5":"has-post-thumbnail","7":"category-paris","8":"tag-actu","9":"tag-actu-paris","10":"tag-actualites","11":"tag-actualites-paris","12":"tag-eu","13":"tag-europe","14":"tag-fr","15":"tag-france","16":"tag-news","17":"tag-news-paris","18":"tag-paris","19":"tag-paris-news","20":"tag-republique-francaise"},"share_on_mastodon":{"url":"https:\/\/pubeurope.com\/@fr\/115295178251202475","error":""},"_links":{"self":[{"href":"https:\/\/www.europesays.com\/fr\/wp-json\/wp\/v2\/posts\/429462","targetHints":{"allow":["GET"]}}],"collection":[{"href":"https:\/\/www.europesays.com\/fr\/wp-json\/wp\/v2\/posts"}],"about":[{"href":"https:\/\/www.europesays.com\/fr\/wp-json\/wp\/v2\/types\/post"}],"author":[{"embeddable":true,"href":"https:\/\/www.europesays.com\/fr\/wp-json\/wp\/v2\/users\/2"}],"replies":[{"embeddable":true,"href":"https:\/\/www.europesays.com\/fr\/wp-json\/wp\/v2\/comments?post=429462"}],"version-history":[{"count":0,"href":"https:\/\/www.europesays.com\/fr\/wp-json\/wp\/v2\/posts\/429462\/revisions"}],"wp:featuredmedia":[{"embeddable":true,"href":"https:\/\/www.europesays.com\/fr\/wp-json\/wp\/v2\/media\/429463"}],"wp:attachment":[{"href":"https:\/\/www.europesays.com\/fr\/wp-json\/wp\/v2\/media?parent=429462"}],"wp:term":[{"taxonomy":"category","embeddable":true,"href":"https:\/\/www.europesays.com\/fr\/wp-json\/wp\/v2\/categories?post=429462"},{"taxonomy":"post_tag","embeddable":true,"href":"https:\/\/www.europesays.com\/fr\/wp-json\/wp\/v2\/tags?post=429462"}],"curies":[{"name":"wp","href":"https:\/\/api.w.org\/{rel}","templated":true}]}}