{"id":429464,"date":"2025-09-30T20:39:14","date_gmt":"2025-09-30T20:39:14","guid":{"rendered":"https:\/\/www.europesays.com\/fr\/429464\/"},"modified":"2025-09-30T20:39:14","modified_gmt":"2025-09-30T20:39:14","slug":"lambassadeur-dafrique-du-sud-retrouve-mort-a-paris-au-pied-dun-hotel-possible-suicide","status":"publish","type":"post","link":"https:\/\/www.europesays.com\/fr\/429464\/","title":{"rendered":"L&rsquo;ambassadeur d&rsquo;Afrique du Sud retrouv\u00e9 mort \u00e0 Paris au pied d&rsquo;un h\u00f4tel, possible suicide"},"content":{"rendered":"<p class=\"mb-4 text-lg md:leading-8 break-words\">L&rsquo;ambassadeur d&rsquo;Afrique du Sud en France, Nathi Mthethwa, a \u00e9t\u00e9 retrouv\u00e9 mort au pied d&rsquo;un h\u00f4tel parisien, alors qu&rsquo;il avait confi\u00e9 \u00e0 son \u00e9pouse \u00ab\u00a0l&rsquo;intention de mettre fin \u00e0 ses jours\u00a0\u00bb, a indiqu\u00e9 mardi la procureure de Paris Laure Beccuau.<\/p>\n<p class=\"mb-4 text-lg md:leading-8 break-words\">Lundi, son \u00e9pouse avait \u00ab\u00a0re\u00e7u un message de sa part peu apr\u00e8s 21H30, dans lequel il lui pr\u00e9sentait ses excuses et manifestait l&rsquo;intention de mettre fin \u00e0 ses jours\u00a0\u00bb, \u00e9crit la magistrate dans un communiqu\u00e9.<\/p>\n<p class=\"mb-4 text-lg md:leading-8 break-words\">Ce qui corrobore les dires d&rsquo;une source proche du dossier ayant d\u00e9crit \u00e0 l&rsquo;AFP cet ambassadeur de 58 ans comme quelqu&rsquo;un de d\u00e9pressif qui pourrait avoir mis fin \u00e0 ses jours.<\/p>\n<p class=\"mb-4 text-lg md:leading-8 break-words\">Le pr\u00e9sident sud-africain Cyril Ramaphosa a salu\u00e9, dans un communiqu\u00e9, la m\u00e9moire de l\u2019ambassadeur \u00ab\u00a0ayant servi la nation\u00a0\u00bb au \u00ab\u00a0cours d&rsquo;une vie qui s&rsquo;est termin\u00e9e pr\u00e9matur\u00e9ment et de mani\u00e8re traumatisante\u00a0\u00bb.<\/p>\n<p class=\"mb-4 text-lg md:leading-8 break-words\">Le personnel de l&rsquo;h\u00f4tel a constat\u00e9 que dans sa chambre, \u00ab\u00a0situ\u00e9e au 22e \u00e9tage\u00a0\u00bb, le \u00ab\u00a0m\u00e9canisme de s\u00e9curit\u00e9 anti-ouverture de la fen\u00eatre avait \u00e9t\u00e9 forc\u00e9 avec des ciseaux laiss\u00e9s sur place\u00a0\u00bb, d\u00e9veloppe la procureure. Les enqu\u00eateurs n&rsquo;ont relev\u00e9 \u00ab\u00a0aucune trace de lutte ni trace de m\u00e9dicament ou de stup\u00e9fiant\u00a0\u00bb, souligne-t-elle.<\/p>\n<p class=\"mb-4 text-lg md:leading-8 break-words\">Le parquet de Paris a ouvert une enqu\u00eate en recherche des causes de la mort. \u00ab\u00a0Si les premi\u00e8res investigations laissent penser qu&rsquo;il pourrait s&rsquo;agir d&rsquo;un acte d\u00e9lib\u00e9r\u00e9, sans intervention d&rsquo;un tiers, cette enqu\u00eate a pour objectif de recueillir tout \u00e9l\u00e9ment utile \u00e0 la compr\u00e9hension des faits\u00a0\u00bb, pr\u00e9cise la procureure.<\/p>\n<p class=\"mb-4 text-lg md:leading-8 break-words\">Le corps sans vie de ce proche de l&rsquo;ancien pr\u00e9sident sud-africain Jacob Zuma a \u00e9t\u00e9 retrouv\u00e9 dans la cour int\u00e9rieure de l&rsquo;h\u00f4tel lundi. Nkosinathi Emmanuel Nathi Mthethwa, de son patronyme complet, avait r\u00e9serv\u00e9 \u00ab\u00a0une chambre dans cet \u00e9tablissement une dizaine de jours auparavant et s&rsquo;y est pr\u00e9sent\u00e9 d\u00e8s 16H30 (lundi), juste apr\u00e8s avoir quitt\u00e9 son domicile parisien\u00a0\u00bb, pr\u00e9cise encore la procureure.<\/p>\n<p class=\"mb-4 text-lg md:leading-8 break-words\">Le gouvernement sud-africain a fait part dans un communiqu\u00e9 de sa \u00ab\u00a0profonde tristesse\u00a0\u00bb, parlant d&rsquo;une \u00ab\u00a0disparition pr\u00e9matur\u00e9e\u00a0\u00bb qui \u00ab\u00a0n&rsquo;est pas seulement une perte nationale mais est \u00e9galement ressentie au sein de la communaut\u00e9 diplomatique internationale\u00a0\u00bb.<\/p>\n<p class=\"mb-4 text-lg md:leading-8 break-words\">M. Mthethwa a \u00e9t\u00e9 ministre des Arts et de la Culture de la R\u00e9publique d&rsquo;Afrique du Sud de 2014 \u00e0 2019, puis ministre des Sports, des Arts et de la Culture jusqu&rsquo;en 2023, selon le site de son ambassade.<\/p>\n<p class=\"mb-4 text-lg md:leading-8 break-words\">En juillet 2019, il avait prononc\u00e9 un discours lors d&rsquo;une c\u00e9r\u00e9monie d&rsquo;hommage apr\u00e8s la disparition du chanteur Johnny Clegg, dit le \u00ab\u00a0Zoulou blanc\u00a0\u00bb, une des grandes voix de la lutte contre l&rsquo;apartheid: \u00ab\u00a0Par sa musique, il nous a inspir\u00e9 courage alors que nous luttions pour sortir d&rsquo;une longue nuit de d\u00e9sespoir\u00a0\u00bb.<\/p>\n<p class=\"mb-4 text-lg md:leading-8 break-words\">Entre 2007 et 2022, il a \u00e9t\u00e9 un haut responsable du Congr\u00e8s national africain (ANC), parti au pouvoir depuis les premi\u00e8res \u00e9lections d\u00e9mocratiques en 1994. Il avait \u0153uvr\u00e9 dans la clandestinit\u00e9 au sein de l&rsquo;aile militaire de l&rsquo;ANC durant l&rsquo;apartheid et avait notamment \u00e9t\u00e9 arr\u00eat\u00e9 pendant l&rsquo;\u00e9tat d&rsquo;urgence en 1989 (fin de l&rsquo;apartheid en 1991).<\/p>\n<p class=\"mb-4 text-lg md:leading-8 break-words\">pgr-bur\/cco\/cal\/sp\/def<\/p>\n","protected":false},"excerpt":{"rendered":"L&rsquo;ambassadeur d&rsquo;Afrique du Sud en France, Nathi Mthethwa, a \u00e9t\u00e9 retrouv\u00e9 mort au pied d&rsquo;un h\u00f4tel parisien, alors&hellip;\n","protected":false},"author":2,"featured_media":429465,"comment_status":"","ping_status":"","sticky":false,"template":"","format":"standard","meta":{"footnotes":""},"categories":[1888],"tags":[1111,1928,11,1927,1777,674,1011,27,55779,4252,55780,12,1926,626,1925,10857,25],"class_list":{"0":"post-429464","1":"post","2":"type-post","3":"status-publish","4":"format-standard","5":"has-post-thumbnail","7":"category-paris","8":"tag-actu","9":"tag-actu-paris","10":"tag-actualites","11":"tag-actualites-paris","12":"tag-eu","13":"tag-europe","14":"tag-fr","15":"tag-france","16":"tag-hotel-parisien","17":"tag-ministre-des-sports","18":"tag-nathi-mthethwa","19":"tag-news","20":"tag-news-paris","21":"tag-paris","22":"tag-paris-news","23":"tag-parquet-de-paris","24":"tag-republique-francaise"},"share_on_mastodon":{"url":"https:\/\/pubeurope.com\/@fr\/115295182137290047","error":""},"_links":{"self":[{"href":"https:\/\/www.europesays.com\/fr\/wp-json\/wp\/v2\/posts\/429464","targetHints":{"allow":["GET"]}}],"collection":[{"href":"https:\/\/www.europesays.com\/fr\/wp-json\/wp\/v2\/posts"}],"about":[{"href":"https:\/\/www.europesays.com\/fr\/wp-json\/wp\/v2\/types\/post"}],"author":[{"embeddable":true,"href":"https:\/\/www.europesays.com\/fr\/wp-json\/wp\/v2\/users\/2"}],"replies":[{"embeddable":true,"href":"https:\/\/www.europesays.com\/fr\/wp-json\/wp\/v2\/comments?post=429464"}],"version-history":[{"count":0,"href":"https:\/\/www.europesays.com\/fr\/wp-json\/wp\/v2\/posts\/429464\/revisions"}],"wp:featuredmedia":[{"embeddable":true,"href":"https:\/\/www.europesays.com\/fr\/wp-json\/wp\/v2\/media\/429465"}],"wp:attachment":[{"href":"https:\/\/www.europesays.com\/fr\/wp-json\/wp\/v2\/media?parent=429464"}],"wp:term":[{"taxonomy":"category","embeddable":true,"href":"https:\/\/www.europesays.com\/fr\/wp-json\/wp\/v2\/categories?post=429464"},{"taxonomy":"post_tag","embeddable":true,"href":"https:\/\/www.europesays.com\/fr\/wp-json\/wp\/v2\/tags?post=429464"}],"curies":[{"name":"wp","href":"https:\/\/api.w.org\/{rel}","templated":true}]}}