{"id":429468,"date":"2025-09-30T20:41:12","date_gmt":"2025-09-30T20:41:12","guid":{"rendered":"https:\/\/www.europesays.com\/fr\/429468\/"},"modified":"2025-09-30T20:41:12","modified_gmt":"2025-09-30T20:41:12","slug":"paris-porte-disparu-lambassadeur-dafrique-du-sud-en-france-retrouve-mort-au-pied-dun-hotel","status":"publish","type":"post","link":"https:\/\/www.europesays.com\/fr\/429468\/","title":{"rendered":"Paris. Port\u00e9 disparu, l&rsquo;ambassadeur d&rsquo;Afrique du Sud en France retrouv\u00e9 mort au pied d&rsquo;un h\u00f4tel"},"content":{"rendered":"<p>C&rsquo;\u00e9tait une figure politique importante dans son pays\u00a0: Emmanuel Nkosinathi Mthethwa, dit Nathi Mthethwa, l&rsquo;ambassadeur d&rsquo;Afrique du Sud en France, a \u00e9t\u00e9 retrouv\u00e9 mort ce mardi \u00e0 Paris. Son corps a \u00e9t\u00e9 retrouv\u00e9 au pied d&rsquo;un h\u00f4tel de la capitale, a r\u00e9v\u00e9l\u00e9 <a href=\"https:\/\/www.leparisien.fr\/faits-divers\/paris-enquete-ouverte-apres-la-disparition-de-lambassadeur-dafrique-du-sud-en-france-30-09-2025-WW6EIBSEAVGCZNVYC52ME7FE34.php\" target=\"_blank\" rel=\"nofollow noopener\">Le Parisien<\/a>.<\/p>\n<p>D&rsquo;apr\u00e8s nos confr\u00e8res, le dignitaire \u00e9tait port\u00e9 disparu depuis la veille. Apr\u00e8s avoir \u00ab\u00a0re\u00e7u un message inqui\u00e9tant de sa part dans la soir\u00e9e\u00a0\u00bb, son \u00e9pouse avait alert\u00e9 les autorit\u00e9s, a indiqu\u00e9 le parquet de Paris au quotidien. Toujours d&rsquo;apr\u00e8s Le Parisien, l&rsquo;ambassadeur se serait d\u00e9fenestr\u00e9 du 22e \u00e9tage d\u2019un h\u00f4tel 4 \u00e9toiles, situ\u00e9 dans l&rsquo;est parisien.<\/p>\n<p>Ce contenu est bloqu\u00e9 car vous n&rsquo;avez pas accept\u00e9 les cookies et autres traceurs.<\/p>\n<p>En cliquant sur \u00ab J\u2019accepte \u00bb, les cookies et autres traceurs seront d\u00e9pos\u00e9s et vous pourrez visualiser les contenus  (<a href=\"\" class=\"consentModule_policy\" target=\"_blank\" title=\"Consulter la politique de protection des donn\u00e9es du fournisseur\">plus d&rsquo;informations<\/a>).<\/p>\n<p>En cliquant sur \u00ab J\u2019accepte tous les cookies \u00bb, vous autorisez des d\u00e9p\u00f4ts de cookies et autres traceurs pour le stockage de vos donn\u00e9es sur nos sites et applications \u00e0 des fins de personnalisation et de ciblage publicitaire.<\/p>\n<p class=\"consentModule_secondaryText\">Vous gardez la possibilit\u00e9 de retirer votre consentement \u00e0 tout moment en consultant notre <a href=\"https:\/\/www.ledauphine.com\/protection-des-donnees\" target=\"_blank\" title=\"Consulter notre politique de protection des donn\u00e9es\" rel=\"nofollow noopener\">politique de protection des donn\u00e9es<\/a>. <br \/>&#13;<br \/>\n            <a href=\"https:\/\/www.ledauphine.com\/faits-divers-justice\/2025\/09\/30\/javascript:Didomi.notice.show()\" class=\"consentModule_cmp\" rel=\"nofollow noopener\" target=\"_blank\">G\u00e9rer mes choix<\/a>&#13;\n        <\/p>\n<p>&#13;<br \/>\n                        J&rsquo;accepte&#13;<br \/>\n            J&rsquo;accepte tous les cookies&#13;\n        <\/p>\n<p>  Enqu\u00eate ouverte<\/p>\n<p>Le parquet de Paris indique de son c\u00f4t\u00e9 qu&rsquo;une des fen\u00eatres s\u00e9curis\u00e9es de sa chambre a \u00e9t\u00e9 forc\u00e9e. Selon des sources proches du dossier, l&rsquo;ambassadeur de 58 ans \u00e9tait d\u00e9pressif et pourrait avoir mis fin \u00e0 ses jours. Une enqu\u00eate a \u00e9t\u00e9 ouverte et confi\u00e9e \u00e0 la Brigade de r\u00e9pression de la d\u00e9linquance contre la personne, pr\u00e9cise <a href=\"https:\/\/www.bfmtv.com\/police-justice\/l-ambassadeur-d-afrique-du-sud-en-en-france-retrouve-mort-au-pied-d-un-hotel-a-paris_AN-202509300566.html\" target=\"_blank\" rel=\"nofollow noopener\">BFMTV<\/a>.<\/p>\n<p>Entre 2007 et 2022, Nathi Mthethwa a \u00e9t\u00e9 un haut responsable du Congr\u00e8s national africain (ANC), parti au pouvoir depuis les premi\u00e8res \u00e9lections d\u00e9mocratiques en 1994. Il avait \u0153uvr\u00e9 dans la clandestinit\u00e9 au sein de l&rsquo;aile militaire de l&rsquo;ANC, durant l&rsquo;apartheid et avait notamment \u00e9t\u00e9 arr\u00eat\u00e9 pendant l&rsquo;\u00e9tat d&rsquo;urgence en 1989 (fin de l&rsquo;apartheid en 1991). Il a \u00e9t\u00e9 ministre des Arts et de la Culture de la R\u00e9publique d&rsquo;Afrique du Sud de 2014 \u00e0 2019, puis ministre des Sports, des Arts et de la Culture jusqu&rsquo;en 2023, selon le site de son ambassade. Il avait \u00e9t\u00e9 affect\u00e9 \u00e0 l\u2019ambassade de France en f\u00e9vrier 2024.<\/p>\n","protected":false},"excerpt":{"rendered":"C&rsquo;\u00e9tait une figure politique importante dans son pays\u00a0: Emmanuel Nkosinathi Mthethwa, dit Nathi Mthethwa, l&rsquo;ambassadeur d&rsquo;Afrique du Sud&hellip;\n","protected":false},"author":2,"featured_media":429469,"comment_status":"","ping_status":"","sticky":false,"template":"","format":"standard","meta":{"footnotes":""},"categories":[1888],"tags":[11,1777,674,274,107,1011,27,329,12,626,25],"class_list":{"0":"post-429468","1":"post","2":"type-post","3":"status-publish","4":"format-standard","5":"has-post-thumbnail","7":"category-paris","8":"tag-actualites","9":"tag-eu","10":"tag-europe","11":"tag-faits-divers-justice","12":"tag-fil-info","13":"tag-fr","14":"tag-france","15":"tag-france-monde","16":"tag-news","17":"tag-paris","18":"tag-republique-francaise"},"share_on_mastodon":{"url":"https:\/\/pubeurope.com\/@fr\/115295190016707719","error":""},"_links":{"self":[{"href":"https:\/\/www.europesays.com\/fr\/wp-json\/wp\/v2\/posts\/429468","targetHints":{"allow":["GET"]}}],"collection":[{"href":"https:\/\/www.europesays.com\/fr\/wp-json\/wp\/v2\/posts"}],"about":[{"href":"https:\/\/www.europesays.com\/fr\/wp-json\/wp\/v2\/types\/post"}],"author":[{"embeddable":true,"href":"https:\/\/www.europesays.com\/fr\/wp-json\/wp\/v2\/users\/2"}],"replies":[{"embeddable":true,"href":"https:\/\/www.europesays.com\/fr\/wp-json\/wp\/v2\/comments?post=429468"}],"version-history":[{"count":0,"href":"https:\/\/www.europesays.com\/fr\/wp-json\/wp\/v2\/posts\/429468\/revisions"}],"wp:featuredmedia":[{"embeddable":true,"href":"https:\/\/www.europesays.com\/fr\/wp-json\/wp\/v2\/media\/429469"}],"wp:attachment":[{"href":"https:\/\/www.europesays.com\/fr\/wp-json\/wp\/v2\/media?parent=429468"}],"wp:term":[{"taxonomy":"category","embeddable":true,"href":"https:\/\/www.europesays.com\/fr\/wp-json\/wp\/v2\/categories?post=429468"},{"taxonomy":"post_tag","embeddable":true,"href":"https:\/\/www.europesays.com\/fr\/wp-json\/wp\/v2\/tags?post=429468"}],"curies":[{"name":"wp","href":"https:\/\/api.w.org\/{rel}","templated":true}]}}