{"id":429493,"date":"2025-09-30T20:57:20","date_gmt":"2025-09-30T20:57:20","guid":{"rendered":"https:\/\/www.europesays.com\/fr\/429493\/"},"modified":"2025-09-30T20:57:20","modified_gmt":"2025-09-30T20:57:20","slug":"marquez-sacre-champion-du-monde-motogp-le-repaire-des-motards","status":"publish","type":"post","link":"https:\/\/www.europesays.com\/fr\/429493\/","title":{"rendered":"Marquez sacr\u00e9 Champion du Monde MotoGP &#8211; Le Repaire des Motards"},"content":{"rendered":"<ol>\n<li><a href=\"https:\/\/news.google.com\/rss\/articles\/CBMilAFBVV95cUxPcVVyWURRcEJMNzNNc2lwY25vellvODZGZ2o1ak1uS2tlTHJta3IxMzgwNE4weWhmNjZfTlBMYTZsb040UDFlZnZsZjJIVm5WOURfUmU4d1U1UURKOGdhTldGeTFEcGFzS1dadFJoaGRlUUtaSDRjS2x0eXhtcjIwWEtfNzYzUHdpczUtOEhMZlVvWU5Z?oc=5\" target=\"_blank\" rel=\"noopener\">Marquez sacr\u00e9 Champion du Monde MotoGP<\/a>&nbsp;&nbsp;Le Repaire des Motards<\/li>\n<li><a href=\"https:\/\/news.google.com\/rss\/articles\/CBMi_wFBVV95cUxNUUZ4RVZXbXF6OVpnbGJYczAwRDh2dGRiQm16WXY5QjJiRndzZnVKWkhLSnVDSTlFSUR5R2cxMDFBU3I2S0RJbW5naTRoeUIwNnRPeXYtVHVRUld1UVl0c2NaWW4zTERLUkxsTFE3RGlDNXdwZUlva1dGaXhCcl9KaU5GXzBVb1RIR01tX0lFTVo5Q1lHOGtoMGZCc0Fya3hDMXZRTDQtMlNYbWY4eGE3dkZqWjZVdmFMemVISHNucGdfVXhuSDVCSEdOUzBSVTJNdEhZNkZtSk4yNjl5bkJxd3BBNUdkRHRiNEpvdFJOUER4TC02eFdLelFMd0dSZDg?oc=5\" target=\"_blank\" rel=\"noopener\">\u00ab\u00a0Il ne le pardonnera jamais\u00a0\u00bb : Marquez, l&rsquo;histoire d&rsquo;amour impossible avec l&rsquo;Italie de Rossi<\/a>&nbsp;&nbsp;Eurosport<\/li>\n<li><a href=\"https:\/\/news.google.com\/rss\/articles\/CBMiowFBVV95cUxNMG9LXzM3S1dBUUhlbmdmdUNmWWVIdHo4Mzg5RzFsLXM2Y25IVnB5MkZkYzRTLU4xeUVJcW93WUhRSG9zV2hETko0UTdmMzAzVVRPN1BJUEZZOWZFaEdzRXd6YVZkWDd0bmRvNGtlZXdWNHJfdXlOTlg5UGpKb2UxVnktazQ2MmVWT3R6RW1OMmFhTXFWYXpSVjhpTjlCeW1HSVFJ?oc=5\" target=\"_blank\" rel=\"noopener\">Vers une lutte plus intense pour la 2e place du championnat ?<\/a>&nbsp;&nbsp;Motorsport.com<\/li>\n<li><a href=\"https:\/\/news.google.com\/rss\/articles\/CBMi2gFBVV95cUxPN0FxVkJyZU80RlFwTUs0MVFJLU1DM2FoTVRYTmp2NWx2ZkNfaEFYZEtSellOS1hhNE1RRWdvZlFGZnJqVW81dWQxMWJrVkRrazNkcHhOanFJeG9oaGwzbU8tVl9xcWZmRll2U0hISGMwYVpYajBMY0JwMy1STzdRZ0hzNzBkb096VEh1emdiaDJIdFdiMWtvRnhqc1RhZTVMUElkSjlaWUxNN3ozbXdjR3AzTEJvSGZOU0NhdHZVTzVHWVhXZXN2N1Y3b09rZkxSOEZWSDZxR3dOQQ?oc=5\" target=\"_blank\" rel=\"noopener\">\u00ab Je ne prends plus les m\u00eames risques \u00bb : Marc Marquez raconte son \u00e9volution depuis sa blessure<\/a>&nbsp;&nbsp;L&rsquo;\u00c9quipe<\/li>\n<li><a href=\"https:\/\/news.google.com\/rss\/articles\/CBMi0AFBVV95cUxOTWIybms4S2F5eHV6OWh6c01lZXBkQU9pVEhSZDhpRkpxc3B6cXFwRUR5NDdNX2tXejRGN2Y2dTVLS2FkTUdScXMzWXdROVo4YUllMXJiMDZaZ3ZkeGNHVnR4TTdwUDFpb1ZvSU9jcnlGUVVlbzVzMlpQNTU4ZTI0eXdMLUxGaTZBcTUxVjRVSng5YkxYVGVxU3Y0VUNGQ1VIalloUGh6bXRGOW5nY1hNVEs4MlBEd0pkSHhQbUktLXBabTJiTlhJOTBMdnRFVVRK?oc=5\" target=\"_blank\" rel=\"noopener\">MotoGP Apr\u00e8s le G.P du Japon, le classement rectifi\u00e9 sourit \u00e0 Fabio Quartararo, au g\u00e9n\u00e9ral !<\/a>&nbsp;&nbsp;Le Mag Sport Auto<\/li>\n<\/ol>\n","protected":false},"excerpt":{"rendered":"Marquez sacr\u00e9 Champion du Monde MotoGP&nbsp;&nbsp;Le Repaire des Motards \u00ab\u00a0Il ne le pardonnera jamais\u00a0\u00bb : Marquez, l&rsquo;histoire d&rsquo;amour&hellip;\n","protected":false},"author":2,"featured_media":429494,"comment_status":"","ping_status":"","sticky":false,"template":"","format":"standard","meta":{"footnotes":""},"categories":[1413],"tags":[3362,1011,27,13393,22586,74,1457,1456,1458,60],"class_list":{"0":"post-429493","1":"post","2":"type-post","3":"status-publish","4":"format-standard","5":"has-post-thumbnail","7":"category-moto","8":"tag-champion","9":"tag-fr","10":"tag-france","11":"tag-marc","12":"tag-marquez","13":"tag-monde","14":"tag-moto","15":"tag-motocycle","16":"tag-motogp","17":"tag-sports"},"share_on_mastodon":{"url":"https:\/\/pubeurope.com\/@fr\/115295252942503428","error":""},"_links":{"self":[{"href":"https:\/\/www.europesays.com\/fr\/wp-json\/wp\/v2\/posts\/429493","targetHints":{"allow":["GET"]}}],"collection":[{"href":"https:\/\/www.europesays.com\/fr\/wp-json\/wp\/v2\/posts"}],"about":[{"href":"https:\/\/www.europesays.com\/fr\/wp-json\/wp\/v2\/types\/post"}],"author":[{"embeddable":true,"href":"https:\/\/www.europesays.com\/fr\/wp-json\/wp\/v2\/users\/2"}],"replies":[{"embeddable":true,"href":"https:\/\/www.europesays.com\/fr\/wp-json\/wp\/v2\/comments?post=429493"}],"version-history":[{"count":0,"href":"https:\/\/www.europesays.com\/fr\/wp-json\/wp\/v2\/posts\/429493\/revisions"}],"wp:featuredmedia":[{"embeddable":true,"href":"https:\/\/www.europesays.com\/fr\/wp-json\/wp\/v2\/media\/429494"}],"wp:attachment":[{"href":"https:\/\/www.europesays.com\/fr\/wp-json\/wp\/v2\/media?parent=429493"}],"wp:term":[{"taxonomy":"category","embeddable":true,"href":"https:\/\/www.europesays.com\/fr\/wp-json\/wp\/v2\/categories?post=429493"},{"taxonomy":"post_tag","embeddable":true,"href":"https:\/\/www.europesays.com\/fr\/wp-json\/wp\/v2\/tags?post=429493"}],"curies":[{"name":"wp","href":"https:\/\/api.w.org\/{rel}","templated":true}]}}